{"id":335869,"date":"2019-11-22T11:45:40","date_gmt":"2019-11-22T10:45:40","guid":{"rendered":"https:\/\/hashtag.al\/?p=335869"},"modified":"2019-11-22T11:48:25","modified_gmt":"2019-11-22T10:48:25","slug":"ilir-meta-sot-dita-e-referendumit-te-tradhetise","status":"publish","type":"post","link":"https:\/\/www.hashtag.al\/index.php\/2019\/11\/22\/ilir-meta-sot-dita-e-referendumit-te-tradhetise\/","title":{"rendered":"Ilir Meta: Sot dita e Referendumit t\u00eb tradh\u00ebtis\u00eb","gt_translate_keys":[{"key":"rendered","format":"text"}]},"content":{"rendered":"<p><span style=\"color: #000000;\"><a style=\"color: #000000;\" href=\"https:\/\/hashtag.al\/wp-content\/uploads\/2019\/11\/meta-3.jpg\"><img loading=\"lazy\" decoding=\"async\" class=\"aligncenter size-full wp-image-335871\" src=\"https:\/\/hashtag.al\/wp-content\/uploads\/2019\/11\/meta-3.jpg\" alt=\"\" width=\"569\" height=\"450\" srcset=\"https:\/\/www.hashtag.al\/wp-content\/uploads\/2019\/11\/meta-3.jpg 569w, https:\/\/www.hashtag.al\/wp-content\/uploads\/2019\/11\/meta-3-300x237.jpg 300w\" sizes=\"auto, (max-width: 569px) 100vw, 569px\" \/><\/a><\/span><\/p>\n<p><span style=\"color: #000000;\">N\u00eb koh\u00ebn kur po zhvillohet mbledhja e Komisionit t\u00eb ngritur p\u00ebr shkarkimin e presidentit Ilir Meta, ky i fundit ka reaguar p\u00ebrmes nj\u00eb postimi n\u00eb &#8220;Facebook&#8221; ku shkruan: <em>&#8220;Sot \u00ebsht\u00eb dita e Referendumit t\u00eb tradhtuar. KOHA P\u00cbR REFERENDUM T\u00cb RI!&#8221;<\/em><\/span><\/p>\n<p><span style=\"color: #000000;\">K\u00ebt\u00eb reagim presidenti e ka shoq\u00ebruar me nj\u00eb foto t\u00eb Kushtetut\u00ebs s\u00eb Shqip\u00ebris\u00eb dhe me nj\u00eb foto ku p\u00ebrsh\u00ebndetet me nj\u00eb punonj\u00ebs t\u00eb Gard\u00ebs s\u00eb Republik\u00ebs.<a style=\"color: #000000;\" href=\"https:\/\/www.facebook.com\/ilirmetazyrtar\/photos\/pcb.2626075980771992\/2626075830772007\/?type=3&amp;__tn__=HH-R&amp;eid=ARAG1eSQX_I4kplYBG7YWRNGhyvcNIWB64oxhA5pq06Eo_i6I_t3g-s2bBCMMPkRmXQH1Us3jZt1867L&amp;__xts__%5B0%5D=68.ARBFJ_yx2eD_xWwCjXFeqG5xZY3yRW8kEFuXXoVBz9DUUutIsKZUz9f2z7-yk89-v-1YElvovOT7e-7R2poDfps-ma_UX-JicW1ZB_njEZDdoE-lFbzUf9anpp-rot_YE91BGOV1l3TDI-vmTYsF2DaTENM0VWVGfRzQpKvfmTQs5wUNDldSNkgcmGn_MoGL1_etfO_NEEhhCcUxW_CfHvXc-RCmpT6HGDzYu8hYIAaMRPMAkaSQTCwyDprCyM8VKAq6hRC9dt9KOi-jQ3Pfq1-EGSW_8l8pjAPHLP8EIh60WvA6qBBtfJiFsRu3amfpBtUhNk1q2m-sFOIE_LdZGv5apBaW\"><br \/>\n<\/a><\/span><\/p>\n<p><span style=\"color: #000000;\">N\u00eb k\u00ebt\u00eb mbledhje, pritet t\u00eb shqyrtohet opinioni i Komisionit t\u00eb Venecias, i cili deklaronte se Meta kishte tejkaluar kompetencat por nuk mund t\u00eb shkarkohej.<\/span><\/p>\n<p><span style=\"color: #000000;\">Kreu i k\u00ebtij komisioni Ulsi Manja tha se presidenti i kishte d\u00ebrguar komisionit nj\u00eb informacion t\u00eb klasifikuar, q\u00eb do shqyrtohej nga an\u00ebtar\u00ebt e k\u00ebtij komisioni.<\/span><\/p>\n<p><span style=\"color: #000000;\"><a style=\"color: #000000;\" href=\"https:\/\/hashtag.al\/wp-content\/uploads\/2019\/11\/Kushtetuta.jpg\"><img loading=\"lazy\" decoding=\"async\" class=\"aligncenter size-full wp-image-335870\" src=\"https:\/\/hashtag.al\/wp-content\/uploads\/2019\/11\/Kushtetuta.jpg\" alt=\"\" width=\"296\" height=\"438\" srcset=\"https:\/\/www.hashtag.al\/wp-content\/uploads\/2019\/11\/Kushtetuta.jpg 296w, https:\/\/www.hashtag.al\/wp-content\/uploads\/2019\/11\/Kushtetuta-203x300.jpg 203w\" sizes=\"auto, (max-width: 296px) 100vw, 296px\" \/><\/a><\/span><\/p>\n","protected":false,"gt_translate_keys":[{"key":"rendered","format":"html"}]},"excerpt":{"rendered":"<p>N\u00eb koh\u00ebn kur po zhvillohet mbledhja e Komisionit t\u00eb ngritur p\u00ebr shkarkimin e presidentit Ilir Meta, ky i fundit ka reaguar p\u00ebrmes nj\u00eb postimi n\u00eb &#8220;Facebook&#8221; ku shkruan: &#8220;Sot \u00ebsht\u00eb dita e Referendumit t\u00eb tradhtuar. KOHA P\u00cbR REFERENDUM T\u00cb RI!&#8221; K\u00ebt\u00eb reagim presidenti e ka shoq\u00ebruar me nj\u00eb foto t\u00eb Kushtetut\u00ebs s\u00eb Shqip\u00ebris\u00eb dhe me [&hellip;]<\/p>\n","protected":false,"gt_translate_keys":[{"key":"rendered","format":"html"}]},"author":30,"featured_media":335871,"comment_status":"open","ping_status":"open","sticky":false,"template":"","format":"standard","meta":{"footnotes":""},"categories":[65],"tags":[],"class_list":["post-335869","post","type-post","status-publish","format-standard","has-post-thumbnail","hentry","category-lajme"],"gt_translate_keys":[{"key":"link","format":"url"}],"_links":{"self":[{"href":"https:\/\/www.hashtag.al\/index.php\/wp-json\/wp\/v2\/posts\/335869","targetHints":{"allow":["GET"]}}],"collection":[{"href":"https:\/\/www.hashtag.al\/index.php\/wp-json\/wp\/v2\/posts"}],"about":[{"href":"https:\/\/www.hashtag.al\/index.php\/wp-json\/wp\/v2\/types\/post"}],"author":[{"embeddable":true,"href":"https:\/\/www.hashtag.al\/index.php\/wp-json\/wp\/v2\/users\/30"}],"replies":[{"embeddable":true,"href":"https:\/\/www.hashtag.al\/index.php\/wp-json\/wp\/v2\/comments?post=335869"}],"version-history":[{"count":0,"href":"https:\/\/www.hashtag.al\/index.php\/wp-json\/wp\/v2\/posts\/335869\/revisions"}],"wp:featuredmedia":[{"embeddable":true,"href":"https:\/\/www.hashtag.al\/index.php\/wp-json\/wp\/v2\/media\/335871"}],"wp:attachment":[{"href":"https:\/\/www.hashtag.al\/index.php\/wp-json\/wp\/v2\/media?parent=335869"}],"wp:term":[{"taxonomy":"category","embeddable":true,"href":"https:\/\/www.hashtag.al\/index.php\/wp-json\/wp\/v2\/categories?post=335869"},{"taxonomy":"post_tag","embeddable":true,"href":"https:\/\/www.hashtag.al\/index.php\/wp-json\/wp\/v2\/tags?post=335869"}],"curies":[{"name":"wp","href":"https:\/\/api.w.org\/{rel}","templated":true}]}}