{"id":335787,"date":"2019-11-21T22:11:08","date_gmt":"2019-11-21T21:11:08","guid":{"rendered":"https:\/\/hashtag.al\/?p=335787"},"modified":"2019-11-21T22:11:08","modified_gmt":"2019-11-21T21:11:08","slug":"marshimi-i-vetevendosjes-ne-shqiperi-kurti-ne-e-duam-bashkimin-kombetar-por-nuk-dirigjojme-njeri-tjetrin","status":"publish","type":"post","link":"https:\/\/www.hashtag.al\/index.php\/2019\/11\/21\/marshimi-i-vetevendosjes-ne-shqiperi-kurti-ne-e-duam-bashkimin-kombetar-por-nuk-dirigjojme-njeri-tjetrin\/","title":{"rendered":"Marshimi i Vet\u00ebvendosjes n\u00eb Shqip\u00ebri, Kurti: Ne e duam bashkimin komb\u00ebtar por nuk dirigjojm\u00eb nj\u00ebri tjetrin","gt_translate_keys":[{"key":"rendered","format":"text"}]},"content":{"rendered":"<p><img loading=\"lazy\" decoding=\"async\" class=\"aligncenter size-full wp-image-335788\" src=\"https:\/\/hashtag.al\/wp-content\/uploads\/2019\/11\/Screenshot_9-26.jpg\" alt=\"\" width=\"753\" height=\"574\" srcset=\"https:\/\/www.hashtag.al\/wp-content\/uploads\/2019\/11\/Screenshot_9-26.jpg 753w, https:\/\/www.hashtag.al\/wp-content\/uploads\/2019\/11\/Screenshot_9-26-300x229.jpg 300w\" sizes=\"auto, (max-width: 753px) 100vw, 753px\" \/><\/p>\n<p><span style=\"color: #000000;\">Kreu i L\u00ebvizjes Vet\u00ebvendosja, Albin Kurti, nd\u00ebrsa komentoi marshimin e q\u00eb do t\u00eb b\u00ebj\u00eb kjo l\u00ebvizje m\u00eb 28 N\u00ebntor n\u00eb Tiran\u00eb, tha se ata e duan bashkimin komb\u00ebtar.<\/span><\/p>\n<p><span style=\"color: #000000;\">I ftuar n\u00eb emisionin \u201cOpen\u201d, Kurti u shpreh se sa m\u00eb shum\u00eb aktivitet t\u00eb b\u00ebhen n\u00eb frym\u00ebn e bashkimit m\u00eb 28 N\u00ebntor, aq m\u00eb mir\u00eb \u00ebsht\u00eb, nd\u00ebrsa shtoi se duhet t\u00eb zbatohen marr\u00ebveshjet q\u00eb jan\u00eb mes Shqip\u00ebris\u00eb dhe Kosov\u00ebs.<\/span><\/p>\n<p><span style=\"color: #000000;\">\u201cQendra e Vet\u00ebvendosjes n\u00eb Tiran\u00eb nuk \u00ebsht\u00eb as pozit\u00eb as opozit\u00eb, ajo \u00ebsht\u00eb regjistruar si OJF. Ne e kemi frym\u00ebn e p\u00ebrbashk\u00ebt por nuk dirigjojm\u00eb dhe drejtojm\u00eb nj\u00ebri tjetrin.<\/span><\/p>\n<p><span style=\"color: #000000;\">Ne jemi demokrat\u00eb, ne e duam bashkimin komb\u00ebtar dhe sa m\u00eb shum\u00eb aktivitete m\u00eb 28 n\u00eb frym\u00ebn e bashkimit, aq m\u00eb mir\u00eb \u00ebsht\u00eb.<\/span><\/p>\n<p><span style=\"color: #000000;\">T\u00eb zbatohen marr\u00ebveshjet q\u00eb jan\u00eb midis Kosov\u00ebs dhe Shqip\u00ebris\u00eb\u201d, u shpreh Kurti.<\/span><\/p>\n","protected":false,"gt_translate_keys":[{"key":"rendered","format":"html"}]},"excerpt":{"rendered":"<p>Kreu i L\u00ebvizjes Vet\u00ebvendosja, Albin Kurti, nd\u00ebrsa komentoi marshimin e q\u00eb do t\u00eb b\u00ebj\u00eb kjo l\u00ebvizje m\u00eb 28 N\u00ebntor n\u00eb Tiran\u00eb, tha se ata e duan bashkimin komb\u00ebtar. I ftuar n\u00eb emisionin \u201cOpen\u201d, Kurti u shpreh se sa m\u00eb shum\u00eb aktivitet t\u00eb b\u00ebhen n\u00eb frym\u00ebn e bashkimit m\u00eb 28 N\u00ebntor, aq m\u00eb mir\u00eb \u00ebsht\u00eb, nd\u00ebrsa [&hellip;]<\/p>\n","protected":false,"gt_translate_keys":[{"key":"rendered","format":"html"}]},"author":32,"featured_media":335788,"comment_status":"open","ping_status":"open","sticky":false,"template":"","format":"standard","meta":{"footnotes":""},"categories":[65,13],"tags":[],"class_list":["post-335787","post","type-post","status-publish","format-standard","has-post-thumbnail","hentry","category-lajme","category-te-fundit"],"gt_translate_keys":[{"key":"link","format":"url"}],"_links":{"self":[{"href":"https:\/\/www.hashtag.al\/index.php\/wp-json\/wp\/v2\/posts\/335787","targetHints":{"allow":["GET"]}}],"collection":[{"href":"https:\/\/www.hashtag.al\/index.php\/wp-json\/wp\/v2\/posts"}],"about":[{"href":"https:\/\/www.hashtag.al\/index.php\/wp-json\/wp\/v2\/types\/post"}],"author":[{"embeddable":true,"href":"https:\/\/www.hashtag.al\/index.php\/wp-json\/wp\/v2\/users\/32"}],"replies":[{"embeddable":true,"href":"https:\/\/www.hashtag.al\/index.php\/wp-json\/wp\/v2\/comments?post=335787"}],"version-history":[{"count":0,"href":"https:\/\/www.hashtag.al\/index.php\/wp-json\/wp\/v2\/posts\/335787\/revisions"}],"wp:featuredmedia":[{"embeddable":true,"href":"https:\/\/www.hashtag.al\/index.php\/wp-json\/wp\/v2\/media\/335788"}],"wp:attachment":[{"href":"https:\/\/www.hashtag.al\/index.php\/wp-json\/wp\/v2\/media?parent=335787"}],"wp:term":[{"taxonomy":"category","embeddable":true,"href":"https:\/\/www.hashtag.al\/index.php\/wp-json\/wp\/v2\/categories?post=335787"},{"taxonomy":"post_tag","embeddable":true,"href":"https:\/\/www.hashtag.al\/index.php\/wp-json\/wp\/v2\/tags?post=335787"}],"curies":[{"name":"wp","href":"https:\/\/api.w.org\/{rel}","templated":true}]}}