{"id":335747,"date":"2019-11-21T17:23:26","date_gmt":"2019-11-21T16:23:26","guid":{"rendered":"https:\/\/hashtag.al\/?p=335747"},"modified":"2019-11-21T17:23:26","modified_gmt":"2019-11-21T16:23:26","slug":"spanja-pengesa-e-fundit-per-anetaresimin-e-maqedonise-se-veriut-ne-nato","status":"publish","type":"post","link":"https:\/\/www.hashtag.al\/index.php\/2019\/11\/21\/spanja-pengesa-e-fundit-per-anetaresimin-e-maqedonise-se-veriut-ne-nato\/","title":{"rendered":"Spanja, &#8220;pengesa&#8221; e fundit p\u00ebr an\u00ebtar\u00ebsimin e Maqedonis\u00eb s\u00eb Veriut n\u00eb NATO","gt_translate_keys":[{"key":"rendered","format":"text"}]},"content":{"rendered":"<p><img loading=\"lazy\" decoding=\"async\" class=\"aligncenter size-full wp-image-335748\" src=\"https:\/\/hashtag.al\/wp-content\/uploads\/2019\/11\/zevstoltenbergnato.jpg\" alt=\"\" width=\"2048\" height=\"1363\" srcset=\"https:\/\/www.hashtag.al\/wp-content\/uploads\/2019\/11\/zevstoltenbergnato.jpg 2048w, https:\/\/www.hashtag.al\/wp-content\/uploads\/2019\/11\/zevstoltenbergnato-300x200.jpg 300w, https:\/\/www.hashtag.al\/wp-content\/uploads\/2019\/11\/zevstoltenbergnato-768x511.jpg 768w, https:\/\/www.hashtag.al\/wp-content\/uploads\/2019\/11\/zevstoltenbergnato-1024x682.jpg 1024w\" sizes=\"auto, (max-width: 2048px) 100vw, 2048px\" \/><\/p>\n<p><span style=\"color: #000000;\">Pas ratifikimit t\u00eb traktatit p\u00ebr an\u00ebtar\u00ebsimin e Maqedonis\u00eb s\u00eb Veriut nga Franca, Spanja \u00ebsht\u00eb vendi i fundit q\u00eb pritet ta b\u00ebj\u00eb k\u00ebt\u00eb p\u00ebr t\u00eb zyrtarizuar futjen e vendit ballkanik n\u00eb aleanc\u00eb. <\/span><\/p>\n<p><span style=\"color: #000000;\">M\u00eb her\u00ebt, Sekretatri i P\u00ebrgjithsh\u00ebm i NATO-s, Stoltenberg, eklaroi se 6 shkurti do jet\u00eb data e ceremonis\u00eb s\u00eb n\u00ebnshkrimit t\u00eb futjes s\u00eb Maqedonis\u00eb s\u00eb Veriut n\u00eb NATO.<\/span><\/p>\n<p><span style=\"color: #000000;\"><em>\u2018M\u00eb 6 shkurt do t\u00eb sh\u00ebnojm\u00eb historin\u00eb: Aleat\u00ebt e NATO-s do n\u00ebnshkruajn\u00eb protokollin p\u00ebr p\u00ebrfshirjen e Maqedonin\u00eb e Veriut s\u00eb bashku me ministrin e Pun\u00ebve t\u00eb Jashtme, Dimitrov\u2019<\/em>, shkroi Stoletenberg n\u00eb \u2018Twitter\u2019.<\/span><\/p>\n","protected":false,"gt_translate_keys":[{"key":"rendered","format":"html"}]},"excerpt":{"rendered":"<p>Pas ratifikimit t\u00eb traktatit p\u00ebr an\u00ebtar\u00ebsimin e Maqedonis\u00eb s\u00eb Veriut nga Franca, Spanja \u00ebsht\u00eb vendi i fundit q\u00eb pritet ta b\u00ebj\u00eb k\u00ebt\u00eb p\u00ebr t\u00eb zyrtarizuar futjen e vendit ballkanik n\u00eb aleanc\u00eb. M\u00eb her\u00ebt, Sekretatri i P\u00ebrgjithsh\u00ebm i NATO-s, Stoltenberg, eklaroi se 6 shkurti do jet\u00eb data e ceremonis\u00eb s\u00eb n\u00ebnshkrimit t\u00eb futjes s\u00eb Maqedonis\u00eb s\u00eb [&hellip;]<\/p>\n","protected":false,"gt_translate_keys":[{"key":"rendered","format":"html"}]},"author":51,"featured_media":335748,"comment_status":"open","ping_status":"open","sticky":false,"template":"","format":"standard","meta":{"footnotes":""},"categories":[149,6],"tags":[],"class_list":["post-335747","post","type-post","status-publish","format-standard","has-post-thumbnail","hentry","category-kosoverajon","category-nderkombetare"],"gt_translate_keys":[{"key":"link","format":"url"}],"_links":{"self":[{"href":"https:\/\/www.hashtag.al\/index.php\/wp-json\/wp\/v2\/posts\/335747","targetHints":{"allow":["GET"]}}],"collection":[{"href":"https:\/\/www.hashtag.al\/index.php\/wp-json\/wp\/v2\/posts"}],"about":[{"href":"https:\/\/www.hashtag.al\/index.php\/wp-json\/wp\/v2\/types\/post"}],"author":[{"embeddable":true,"href":"https:\/\/www.hashtag.al\/index.php\/wp-json\/wp\/v2\/users\/51"}],"replies":[{"embeddable":true,"href":"https:\/\/www.hashtag.al\/index.php\/wp-json\/wp\/v2\/comments?post=335747"}],"version-history":[{"count":0,"href":"https:\/\/www.hashtag.al\/index.php\/wp-json\/wp\/v2\/posts\/335747\/revisions"}],"wp:featuredmedia":[{"embeddable":true,"href":"https:\/\/www.hashtag.al\/index.php\/wp-json\/wp\/v2\/media\/335748"}],"wp:attachment":[{"href":"https:\/\/www.hashtag.al\/index.php\/wp-json\/wp\/v2\/media?parent=335747"}],"wp:term":[{"taxonomy":"category","embeddable":true,"href":"https:\/\/www.hashtag.al\/index.php\/wp-json\/wp\/v2\/categories?post=335747"},{"taxonomy":"post_tag","embeddable":true,"href":"https:\/\/www.hashtag.al\/index.php\/wp-json\/wp\/v2\/tags?post=335747"}],"curies":[{"name":"wp","href":"https:\/\/api.w.org\/{rel}","templated":true}]}}