{"id":335680,"date":"2019-11-21T12:49:42","date_gmt":"2019-11-21T11:49:42","guid":{"rendered":"https:\/\/hashtag.al\/?p=335680"},"modified":"2019-11-21T12:52:00","modified_gmt":"2019-11-21T11:52:00","slug":"tensionet-shba-kine-mund-te-cojne-ne-nje-konflikt-me-te-madh-se-lufta-e-pare-boterore-paralajmerimi-i-kissinger","status":"publish","type":"post","link":"https:\/\/www.hashtag.al\/index.php\/2019\/11\/21\/tensionet-shba-kine-mund-te-cojne-ne-nje-konflikt-me-te-madh-se-lufta-e-pare-boterore-paralajmerimi-i-kissinger\/","title":{"rendered":"&#8220;Tensionet SHBA-Kin\u00eb mund t\u00eb \u00e7ojn\u00eb n\u00eb nj\u00eb konflikt m\u00eb t\u00eb madh se Lufta e Par\u00eb Bot\u00ebrore&#8221; &#8211; Paralajm\u00ebrimi i Kissinger","gt_translate_keys":[{"key":"rendered","format":"text"}]},"content":{"rendered":"<p><span style=\"color: #000000;\"><img loading=\"lazy\" decoding=\"async\" class=\"aligncenter size-full wp-image-335681\" src=\"https:\/\/hashtag.al\/wp-content\/uploads\/2019\/11\/henrykissinger.jpg\" alt=\"\" width=\"1280\" height=\"853\" srcset=\"https:\/\/www.hashtag.al\/wp-content\/uploads\/2019\/11\/henrykissinger.jpg 1280w, https:\/\/www.hashtag.al\/wp-content\/uploads\/2019\/11\/henrykissinger-300x200.jpg 300w, https:\/\/www.hashtag.al\/wp-content\/uploads\/2019\/11\/henrykissinger-768x512.jpg 768w, https:\/\/www.hashtag.al\/wp-content\/uploads\/2019\/11\/henrykissinger-1024x682.jpg 1024w\" sizes=\"auto, (max-width: 1280px) 100vw, 1280px\" \/><\/span><\/p>\n<p><span style=\"color: #000000;\">I mbetur pa kontroll, rivaliteti n\u00eb rritje mes Kin\u00ebs dhe Shteteve t\u00eb Bashkuara mund t\u00eb shkaktoj\u00eb nj\u00eb konflikt m\u00eb shkat\u00ebrrues sesa Lufta e Par\u00eb Bot\u00ebrore, ka paralajm\u00ebruar ish-Sekretari amerikan i Shtetit, Henry Kissinger.<\/span><\/p>\n<p><span style=\"color: #000000;\">Diplomati veteran dhe mendimtari polemizues i \u00e7\u00ebshtjeve gjeopolitike u tha t\u00eb pranishm\u00ebve n\u00eb Forumin e Ekonomis\u00eb s\u00eb Re, t\u00eb organizuar nga \u2018Bloomberg Media\u2019, se tensionet midis Uashingtonit dhe Pekinit mund t\u00eb zgjidheshin n\u00ebse \u2018t\u00eb dy pal\u00ebt p\u00ebrpiqen t\u00eb kap\u00ebrcejn\u00eb\u2019 dallimet e tyre.<\/span><\/p>\n<p><span style=\"color: #000000;\"><em>\u2018Nuk \u00ebsht\u00eb shum\u00eb von\u00eb p\u00ebr k\u00ebt\u00eb, sepse ne jemi ende n\u00eb pik\u00ebn e ul\u00ebt \u200b\u200bt\u00eb nj\u00eb lufte t\u00eb re t\u00eb ftoht\u00eb,\u2019<\/em> tha ai gjat\u00eb konferenc\u00ebs t\u00eb enjten.<\/span><\/p>\n<p><span style=\"color: #000000;\">Ai paralajm\u00ebroi, megjithat\u00eb, se ulja e tensioneve mes dy ekonomive m\u00eb t\u00eb m\u00ebdha n\u00eb bot\u00eb ishte thelb\u00ebsor p\u00ebr t\u00eb shmangur katastrof\u00ebn.<\/span><\/p>\n<p><span style=\"color: #000000;\"><em>\u2018N\u00ebse konflikti lejohet t\u00eb zhvillohet i pakufizuar, rezultati mund t\u00eb jet\u00eb edhe m\u00eb i keq se sa ishte n\u00eb Evrop\u00eb. Lufta e Par\u00eb Bot\u00ebrore shp\u00ebrtheu sepse nj\u00eb kriz\u00eb relativisht e vog\u00ebl nuk mund t\u00eb zot\u00ebrohej.\u2019<\/em> &#8211; theksoi ai.<\/span><\/p>\n<p><img loading=\"lazy\" decoding=\"async\" class=\"aligncenter size-full wp-image-335684\" src=\"https:\/\/hashtag.al\/wp-content\/uploads\/2019\/11\/xi-trump.jpg\" alt=\"\" width=\"3000\" height=\"2000\" srcset=\"https:\/\/www.hashtag.al\/wp-content\/uploads\/2019\/11\/xi-trump.jpg 3000w, https:\/\/www.hashtag.al\/wp-content\/uploads\/2019\/11\/xi-trump-300x200.jpg 300w, https:\/\/www.hashtag.al\/wp-content\/uploads\/2019\/11\/xi-trump-768x512.jpg 768w, https:\/\/www.hashtag.al\/wp-content\/uploads\/2019\/11\/xi-trump-1024x683.jpg 1024w\" sizes=\"auto, (max-width: 3000px) 100vw, 3000px\" \/><\/p>\n<p><span style=\"color: #000000;\">Ish-diplomati tha se shpresonte q\u00eb negociatat e vazhdueshme tregtare midis SHBA-s\u00eb dhe Kin\u00ebs t\u00eb leht\u00ebsonin bashk\u00ebpunimin m\u00eb t\u00eb gjer\u00eb. Bisedimet tregtare jan\u00eb \u2018nj\u00eb fillim i vog\u00ebl i nj\u00eb diskutimi politik,\u2019 vuri n\u00eb dukje Kissinger.<\/span><\/p>\n<p><span style=\"color: #000000;\">Uashingtoni dhe Pekini jan\u00eb n\u00eb mosmarr\u00ebveshje p\u00ebr nj\u00eb num\u00ebr \u00e7\u00ebshtjesh t\u00eb nxehta. <\/span><\/p>\n<p><span style=\"color: #000000;\">Nj\u00eb luft\u00eb p\u00ebr tarifat tregtare, \u00ebsht\u00eb p\u00ebrkeq\u00ebsuar nga nj\u00eb mosmarr\u00ebveshje mbi Detin e Kin\u00ebs s\u00eb Jugut, mbi t\u00eb cil\u00ebn Pekini pretendon sovranitet t\u00eb plot\u00eb. T\u00eb dy vendet gjithashtu vazhdojn\u00eb t\u00eb grinden p\u00ebr protestat e vazhdueshme n\u00eb Hong Kong. <\/span><\/p>\n<p><span style=\"color: #000000;\">Kina ka akuzuar vazhdimisht SHBA-n\u00eb p\u00ebr sigurimin e mb\u00ebshtetjes ndaj demonstratave gjithnj\u00eb e m\u00eb t\u00eb dhunshme, nj\u00eb pohim q\u00eb Uashingtoni e mohon me vendosm\u00ebri. <\/span><\/p>\n<p><span style=\"color: #000000;\">K\u00ebt\u00eb jav\u00eb Kongresi Amerikan miratoi nj\u00eb projekt-ligj q\u00eb synon monitorimin e t\u00eb drejtave t\u00eb njeriut n\u00eb territorin gjysm\u00eb-autonom.<\/span><\/p>\n<p><span style=\"color: #000000;\"><span style=\"color: #ff0000;\"><strong>VINI RE<\/strong><\/span>: Ky material \u00ebsht\u00eb pron\u00ebsi intelektuale e <a href=\"https:\/\/www.rt.com\/news\/473974-china-us-conflict-kissinger\/\"><span style=\"color: #0000ff;\">RT<\/span><\/a><\/span><\/p>\n","protected":false,"gt_translate_keys":[{"key":"rendered","format":"html"}]},"excerpt":{"rendered":"<p>I mbetur pa kontroll, rivaliteti n\u00eb rritje mes Kin\u00ebs dhe Shteteve t\u00eb Bashkuara mund t\u00eb shkaktoj\u00eb nj\u00eb konflikt m\u00eb shkat\u00ebrrues sesa Lufta e Par\u00eb Bot\u00ebrore, ka paralajm\u00ebruar ish-Sekretari amerikan i Shtetit, Henry Kissinger. Diplomati veteran dhe mendimtari polemizues i \u00e7\u00ebshtjeve gjeopolitike u tha t\u00eb pranishm\u00ebve n\u00eb Forumin e Ekonomis\u00eb s\u00eb Re, t\u00eb organizuar nga \u2018Bloomberg [&hellip;]<\/p>\n","protected":false,"gt_translate_keys":[{"key":"rendered","format":"html"}]},"author":51,"featured_media":335681,"comment_status":"open","ping_status":"open","sticky":false,"template":"","format":"standard","meta":{"footnotes":""},"categories":[22,6],"tags":[],"class_list":["post-335680","post","type-post","status-publish","format-standard","has-post-thumbnail","hentry","category-ballina","category-nderkombetare"],"gt_translate_keys":[{"key":"link","format":"url"}],"_links":{"self":[{"href":"https:\/\/www.hashtag.al\/index.php\/wp-json\/wp\/v2\/posts\/335680","targetHints":{"allow":["GET"]}}],"collection":[{"href":"https:\/\/www.hashtag.al\/index.php\/wp-json\/wp\/v2\/posts"}],"about":[{"href":"https:\/\/www.hashtag.al\/index.php\/wp-json\/wp\/v2\/types\/post"}],"author":[{"embeddable":true,"href":"https:\/\/www.hashtag.al\/index.php\/wp-json\/wp\/v2\/users\/51"}],"replies":[{"embeddable":true,"href":"https:\/\/www.hashtag.al\/index.php\/wp-json\/wp\/v2\/comments?post=335680"}],"version-history":[{"count":0,"href":"https:\/\/www.hashtag.al\/index.php\/wp-json\/wp\/v2\/posts\/335680\/revisions"}],"wp:featuredmedia":[{"embeddable":true,"href":"https:\/\/www.hashtag.al\/index.php\/wp-json\/wp\/v2\/media\/335681"}],"wp:attachment":[{"href":"https:\/\/www.hashtag.al\/index.php\/wp-json\/wp\/v2\/media?parent=335680"}],"wp:term":[{"taxonomy":"category","embeddable":true,"href":"https:\/\/www.hashtag.al\/index.php\/wp-json\/wp\/v2\/categories?post=335680"},{"taxonomy":"post_tag","embeddable":true,"href":"https:\/\/www.hashtag.al\/index.php\/wp-json\/wp\/v2\/tags?post=335680"}],"curies":[{"name":"wp","href":"https:\/\/api.w.org\/{rel}","templated":true}]}}