{"id":335538,"date":"2019-11-20T21:40:20","date_gmt":"2019-11-20T20:40:20","guid":{"rendered":"https:\/\/hashtag.al\/?p=335538"},"modified":"2019-11-20T21:40:20","modified_gmt":"2019-11-20T20:40:20","slug":"merkel-te-krijojme-kushtet-per-fillimin-e-negociatave-me-shqiperine-dhe-maqedonine-e-veriut","status":"publish","type":"post","link":"https:\/\/www.hashtag.al\/index.php\/2019\/11\/20\/merkel-te-krijojme-kushtet-per-fillimin-e-negociatave-me-shqiperine-dhe-maqedonine-e-veriut\/","title":{"rendered":"Merkel: T\u00eb krijojm\u00eb kushtet p\u00ebr fillimin e negociatave me Shqip\u00ebrin\u00eb dhe Maqedonin\u00eb e Veriut","gt_translate_keys":[{"key":"rendered","format":"text"}]},"content":{"rendered":"<p><img loading=\"lazy\" decoding=\"async\" class=\"aligncenter size-full wp-image-335539\" src=\"https:\/\/hashtag.al\/wp-content\/uploads\/2019\/11\/42cf853503ac7eba06c300b53e4e3568_L.jpg\" alt=\"\" width=\"700\" height=\"394\" srcset=\"https:\/\/www.hashtag.al\/wp-content\/uploads\/2019\/11\/42cf853503ac7eba06c300b53e4e3568_L.jpg 700w, https:\/\/www.hashtag.al\/wp-content\/uploads\/2019\/11\/42cf853503ac7eba06c300b53e4e3568_L-300x169.jpg 300w\" sizes=\"auto, (max-width: 700px) 100vw, 700px\" \/><\/p>\n<p><span style=\"color: #000000;\">Kancelarja gjermane ka th\u00ebn\u00eb n\u00eb Zagreb se do t\u00eb bisedoj\u00eb me Franc\u00ebn p\u00ebr t\u00eb krijuar kushtet p\u00ebr fillimin e negociatave me Shqip\u00ebrin\u00eb dhe Maqedonin\u00eb e Veriut.<\/span><\/p>\n<p><span style=\"color: #000000;\">Kancelarja gjermane Angela Merkel d\u00ebshiron konsensus sa m\u00eb t\u00eb shpejt\u00eb me Franc\u00ebn p\u00ebr reformimin e zgjerimit t\u00eb Bashkimit Evropian. K\u00ebt\u00eb ajo e tha t\u00eb m\u00ebrkur\u00ebn n\u00eb Zagreb, pas nj\u00eb takimi me homologun e saj kroat, Andrej Plenkovi\u00e7. &#8220;I mb\u00ebshtesim planet e qeveris\u00eb kroate p\u00ebr t\u00eb organizuar nj\u00eb konferenc\u00eb t\u00eb p\u00ebrbashk\u00ebt me vendet e Ballkanit Per\u00ebndimor n\u00eb formatin e plot\u00eb Bashkimit Evropian. Dhe do t\u00eb jet\u00eb e r\u00ebnd\u00ebsishme q\u00eb ne t\u00eb krijojm\u00eb kushtet p\u00ebr fillimin e negociatave me Shqip\u00ebrin\u00eb dhe Maqedonin\u00eb e Veriut&#8221;.<\/span><\/p>\n<p><span style=\"color: #000000;\">Duke pasur parasysh propozimin e ri t\u00eb qeveris\u00eb franceze p\u00ebr reformimin e procesit t\u00eb zgjerimit, kancelarja gjermane tha:<\/span><\/p>\n<p><span style=\"color: #000000;\">&#8220;Ne tani duhet t\u00eb bisedojm\u00eb me Franc\u00ebn dhe k\u00ebt\u00eb duhet ta b\u00ebjm\u00eb shum\u00eb intensivisht, p\u00ebr t\u00eb sakt\u00ebsuar elementet q\u00eb duhen p\u00ebrmir\u00ebsuar , q\u00eb duhen ndryshuar, n\u00eb procesin e\u00a0 zgjerimit. Jemi t\u00eb gatsh\u00ebm t\u00eb bisedojm\u00eb, edhe pse qysh sot kemi nj\u00eb num\u00ebr t\u00eb madh mund\u00ebsish p\u00ebr t\u00eb qen\u00eb fleksib\u00ebl,&#8221;.<\/span><\/p>\n<p><span style=\"color: #000000;\">Merkel tha m\u00eb tej se reformimi i zgjerimit &#8220;duhet t&#8217;u ofroj\u00eb vendeve t\u00eb Ballkanit Per\u00ebndimor nj\u00eb perspektiv\u00eb reale an\u00ebtar\u00ebsimi&#8221;. Ajo paralajm\u00ebroi se reformimi nuk duhet t\u00eb ket\u00eb si pasoj\u00eb BE-ja t\u00eb t\u00ebrhiqet nga premtimet e b\u00ebra.\u00a0<\/span><\/p>\n<p><span style=\"color: #000000;\">Kancelarja gjermane ndodhet n\u00eb Zagreb p\u00ebr t\u00eb marr\u00eb pjes\u00eb n\u00eb Kongresin e Partive Popullore t\u00eb Evrop\u00ebs, duke p\u00ebrfaq\u00ebsuar kryetaren e partis\u00eb s\u00eb vet, Annegret Kramp-Karrenbauer, e cila \u00ebsht\u00eb duke p\u00ebrgatitur kongresin e CDU-s\u00eb, q\u00eb do t\u00eb zhvillohet t\u00eb premten, 22.11. n\u00eb Lajpcig.<\/span><\/p>\n<p><span style=\"color: #000000;\">Kroacia do t\u00eb jet\u00eb kryetare e radh\u00ebs e BE-s\u00eb n\u00eb gjysm\u00ebn e par\u00eb t\u00eb vitit t\u00eb ardhsh\u00ebm, nd\u00ebrsa Gjermania n\u00eb gjysm\u00ebn e dyt\u00eb. T\u00eb dy vendet jan\u00eb mb\u00ebshtet\u00ebs t\u00eb fuqish\u00ebm t\u00eb an\u00ebtar\u00ebsimit t\u00eb vendeve t\u00eb Ballkanit Per\u00ebndimor n\u00eb BE.<\/span><\/p>\n<p>&nbsp;<\/p>\n","protected":false,"gt_translate_keys":[{"key":"rendered","format":"html"}]},"excerpt":{"rendered":"<p>Kancelarja gjermane ka th\u00ebn\u00eb n\u00eb Zagreb se do t\u00eb bisedoj\u00eb me Franc\u00ebn p\u00ebr t\u00eb krijuar kushtet p\u00ebr fillimin e negociatave me Shqip\u00ebrin\u00eb dhe Maqedonin\u00eb e Veriut. Kancelarja gjermane Angela Merkel d\u00ebshiron konsensus sa m\u00eb t\u00eb shpejt\u00eb me Franc\u00ebn p\u00ebr reformimin e zgjerimit t\u00eb Bashkimit Evropian. K\u00ebt\u00eb ajo e tha t\u00eb m\u00ebrkur\u00ebn n\u00eb Zagreb, pas nj\u00eb [&hellip;]<\/p>\n","protected":false,"gt_translate_keys":[{"key":"rendered","format":"html"}]},"author":32,"featured_media":335539,"comment_status":"open","ping_status":"open","sticky":false,"template":"","format":"standard","meta":{"footnotes":""},"categories":[6,13],"tags":[],"class_list":["post-335538","post","type-post","status-publish","format-standard","has-post-thumbnail","hentry","category-nderkombetare","category-te-fundit"],"gt_translate_keys":[{"key":"link","format":"url"}],"_links":{"self":[{"href":"https:\/\/www.hashtag.al\/index.php\/wp-json\/wp\/v2\/posts\/335538","targetHints":{"allow":["GET"]}}],"collection":[{"href":"https:\/\/www.hashtag.al\/index.php\/wp-json\/wp\/v2\/posts"}],"about":[{"href":"https:\/\/www.hashtag.al\/index.php\/wp-json\/wp\/v2\/types\/post"}],"author":[{"embeddable":true,"href":"https:\/\/www.hashtag.al\/index.php\/wp-json\/wp\/v2\/users\/32"}],"replies":[{"embeddable":true,"href":"https:\/\/www.hashtag.al\/index.php\/wp-json\/wp\/v2\/comments?post=335538"}],"version-history":[{"count":0,"href":"https:\/\/www.hashtag.al\/index.php\/wp-json\/wp\/v2\/posts\/335538\/revisions"}],"wp:featuredmedia":[{"embeddable":true,"href":"https:\/\/www.hashtag.al\/index.php\/wp-json\/wp\/v2\/media\/335539"}],"wp:attachment":[{"href":"https:\/\/www.hashtag.al\/index.php\/wp-json\/wp\/v2\/media?parent=335538"}],"wp:term":[{"taxonomy":"category","embeddable":true,"href":"https:\/\/www.hashtag.al\/index.php\/wp-json\/wp\/v2\/categories?post=335538"},{"taxonomy":"post_tag","embeddable":true,"href":"https:\/\/www.hashtag.al\/index.php\/wp-json\/wp\/v2\/tags?post=335538"}],"curies":[{"name":"wp","href":"https:\/\/api.w.org\/{rel}","templated":true}]}}