{"id":335398,"date":"2019-11-20T11:09:43","date_gmt":"2019-11-20T10:09:43","guid":{"rendered":"https:\/\/hashtag.al\/?p=335398"},"modified":"2019-11-20T11:10:29","modified_gmt":"2019-11-20T10:10:29","slug":"lulzim-basha-ne-kongresin-e-ppe-se-takime-me-drejtuesit-europiane-per-anetaresimin-e-shqiperise-ne-be","status":"publish","type":"post","link":"https:\/\/www.hashtag.al\/index.php\/2019\/11\/20\/lulzim-basha-ne-kongresin-e-ppe-se-takime-me-drejtuesit-europiane-per-anetaresimin-e-shqiperise-ne-be\/","title":{"rendered":"Lulzim Basha n\u00eb kongresin e PPE-s\u00eb, takime me drejtuesit europian\u00eb p\u00ebr an\u00ebtar\u00ebsimin e Shqip\u00ebris\u00eb n\u00eb BE","gt_translate_keys":[{"key":"rendered","format":"text"}]},"content":{"rendered":"<p><a href=\"https:\/\/hashtag.al\/wp-content\/uploads\/2019\/11\/61475373-db52-45b4-8009-5fbceb769985.jpg\"><img loading=\"lazy\" decoding=\"async\" class=\"aligncenter size-full wp-image-335399\" src=\"https:\/\/hashtag.al\/wp-content\/uploads\/2019\/11\/61475373-db52-45b4-8009-5fbceb769985.jpg\" alt=\"\" width=\"1024\" height=\"683\" srcset=\"https:\/\/www.hashtag.al\/wp-content\/uploads\/2019\/11\/61475373-db52-45b4-8009-5fbceb769985.jpg 1024w, https:\/\/www.hashtag.al\/wp-content\/uploads\/2019\/11\/61475373-db52-45b4-8009-5fbceb769985-300x200.jpg 300w, https:\/\/www.hashtag.al\/wp-content\/uploads\/2019\/11\/61475373-db52-45b4-8009-5fbceb769985-768x512.jpg 768w\" sizes=\"auto, (max-width: 1024px) 100vw, 1024px\" \/><\/a><\/p>\n<p><span style=\"color: #000000;\">Kryetari i PD-s\u00eb, Lulzim Basha, po merr pjes\u00eb n\u00eb Kongresin e Partis\u00eb Popullore Europiane\u00a0 q\u00eb nis sot punimet n\u00eb Zagreb.<\/span><\/p>\n<p><span style=\"color: #000000;\">N\u00eb k\u00ebt\u00eb Kongres do t\u00eb zgjidhet Presidenti i ri i PPE-s\u00eb, ku kandidati i vet\u00ebm \u00ebsht\u00eb Donald TUSK, aktualisht President i K\u00ebshillit Europian.<\/span><\/p>\n<p><span style=\"color: #000000;\">Sipas PD-s\u00eb, Basha do t\u00eb mbaj\u00eb nj\u00eb fjalim gjat\u00eb punimeve t\u00eb kongresit, krahas kancelares Angela MERKEL, Presidentes s\u00eb zgjedhur t\u00eb Komisionit Evropian, Ursula von der LEYEN, fituesit te zgjedhjeve n\u00eb Austri, Sebastian KURZ , Kryetarit t\u00eb Grupit PPE n\u00eb Parlamentin Evropian, Manfred \u00cbeber, krer\u00ebve e shteteve dhe qeverive t\u00eb Qipros, Bullgaris\u00eb, Letonis\u00eb, Greqis\u00eb, Rumanis\u00eb, Kroacis\u00eb, Irland\u00ebs, me t\u00eb cil\u00ebt do t\u00eb takohet edhe gjat\u00eb Samitit t\u00eb krer\u00ebve t\u00eb PPE-s\u00eb.<\/span><\/p>\n<p><span style=\"color: #000000;\">Kongresi i Partive Popullore Europiane mbahet n\u00eb Kroaci, vendi m\u00eb i ri an\u00ebtar i BE-s\u00eb, i cili merr presidenc\u00ebn e rradh\u00ebs p\u00ebr her\u00eb t\u00eb par\u00eb n\u00eb Janar 2020.<\/span><\/p>\n<p><span style=\"color: #000000;\">Basha ka planifikuar takime me zyrtar\u00ebt m\u00eb t\u00eb lart\u00eb t\u00eb BE dhe drejtues t\u00eb vendeve an\u00ebtare, ku fokusi kryesor \u00ebsht\u00eb\u00a0 an\u00ebtar\u00ebsimi i Shqip\u00ebris\u00eb n\u00eb BE.<\/span><\/p>\n<p><a href=\"https:\/\/hashtag.al\/wp-content\/uploads\/2019\/11\/unnamed-file.jpg\"><img loading=\"lazy\" decoding=\"async\" class=\"aligncenter size-full wp-image-335400\" src=\"https:\/\/hashtag.al\/wp-content\/uploads\/2019\/11\/unnamed-file.jpg\" alt=\"\" width=\"1024\" height=\"683\" srcset=\"https:\/\/www.hashtag.al\/wp-content\/uploads\/2019\/11\/unnamed-file.jpg 1024w, https:\/\/www.hashtag.al\/wp-content\/uploads\/2019\/11\/unnamed-file-300x200.jpg 300w, https:\/\/www.hashtag.al\/wp-content\/uploads\/2019\/11\/unnamed-file-768x512.jpg 768w\" sizes=\"auto, (max-width: 1024px) 100vw, 1024px\" \/><\/a><\/p>\n","protected":false,"gt_translate_keys":[{"key":"rendered","format":"html"}]},"excerpt":{"rendered":"<p>Kryetari i PD-s\u00eb, Lulzim Basha, po merr pjes\u00eb n\u00eb Kongresin e Partis\u00eb Popullore Europiane\u00a0 q\u00eb nis sot punimet n\u00eb Zagreb. N\u00eb k\u00ebt\u00eb Kongres do t\u00eb zgjidhet Presidenti i ri i PPE-s\u00eb, ku kandidati i vet\u00ebm \u00ebsht\u00eb Donald TUSK, aktualisht President i K\u00ebshillit Europian. Sipas PD-s\u00eb, Basha do t\u00eb mbaj\u00eb nj\u00eb fjalim gjat\u00eb punimeve t\u00eb kongresit, [&hellip;]<\/p>\n","protected":false,"gt_translate_keys":[{"key":"rendered","format":"html"}]},"author":30,"featured_media":335399,"comment_status":"open","ping_status":"open","sticky":false,"template":"","format":"standard","meta":{"footnotes":""},"categories":[65,13],"tags":[],"class_list":["post-335398","post","type-post","status-publish","format-standard","has-post-thumbnail","hentry","category-lajme","category-te-fundit"],"gt_translate_keys":[{"key":"link","format":"url"}],"_links":{"self":[{"href":"https:\/\/www.hashtag.al\/index.php\/wp-json\/wp\/v2\/posts\/335398","targetHints":{"allow":["GET"]}}],"collection":[{"href":"https:\/\/www.hashtag.al\/index.php\/wp-json\/wp\/v2\/posts"}],"about":[{"href":"https:\/\/www.hashtag.al\/index.php\/wp-json\/wp\/v2\/types\/post"}],"author":[{"embeddable":true,"href":"https:\/\/www.hashtag.al\/index.php\/wp-json\/wp\/v2\/users\/30"}],"replies":[{"embeddable":true,"href":"https:\/\/www.hashtag.al\/index.php\/wp-json\/wp\/v2\/comments?post=335398"}],"version-history":[{"count":0,"href":"https:\/\/www.hashtag.al\/index.php\/wp-json\/wp\/v2\/posts\/335398\/revisions"}],"wp:featuredmedia":[{"embeddable":true,"href":"https:\/\/www.hashtag.al\/index.php\/wp-json\/wp\/v2\/media\/335399"}],"wp:attachment":[{"href":"https:\/\/www.hashtag.al\/index.php\/wp-json\/wp\/v2\/media?parent=335398"}],"wp:term":[{"taxonomy":"category","embeddable":true,"href":"https:\/\/www.hashtag.al\/index.php\/wp-json\/wp\/v2\/categories?post=335398"},{"taxonomy":"post_tag","embeddable":true,"href":"https:\/\/www.hashtag.al\/index.php\/wp-json\/wp\/v2\/tags?post=335398"}],"curies":[{"name":"wp","href":"https:\/\/api.w.org\/{rel}","templated":true}]}}