{"id":335394,"date":"2019-11-20T10:56:35","date_gmt":"2019-11-20T09:56:35","guid":{"rendered":"https:\/\/hashtag.al\/?p=335394"},"modified":"2019-11-20T10:58:36","modified_gmt":"2019-11-20T09:58:36","slug":"apeli-rrezon-kerkesen-e-redjan-rrajes-ai-mbetet-ne-burg","status":"publish","type":"post","link":"https:\/\/www.hashtag.al\/index.php\/2019\/11\/20\/apeli-rrezon-kerkesen-e-redjan-rrajes-ai-mbetet-ne-burg\/","title":{"rendered":"Apeli rr\u00ebzon k\u00ebrkes\u00ebn e Redjan Rraj\u00ebs, ai mbetet n\u00eb burg","gt_translate_keys":[{"key":"rendered","format":"text"}]},"content":{"rendered":"<p><a href=\"https:\/\/hashtag.al\/wp-content\/uploads\/2019\/11\/rraja.jpg\"><img loading=\"lazy\" decoding=\"async\" class=\"aligncenter size-full wp-image-335395\" src=\"https:\/\/hashtag.al\/wp-content\/uploads\/2019\/11\/rraja.jpg\" alt=\"\" width=\"904\" height=\"1082\" \/><\/a><\/p>\n<p><span style=\"color: #000000;\">Redjan Rraja, personi i cili akuzohet p\u00ebr atentatin ndaj \u00a0prokurorit Arian Ndoja, Aleksand\u00ebr Lahos dhe Andi Malokut ka k\u00ebrkuar lirin\u00eb n\u00eb Apel.<\/span><\/p>\n<p><span style=\"color: #000000;\">Por \u00a0Gjykata e Apelit p\u00ebr Krime t\u00eb R\u00ebnda la n\u00eb fuyqi t\u00eb nj\u00ebjt\u00ebn mas\u00eb sigurie t\u00eb vendosur nga Gjykata e Shkall\u00ebs s\u00eb Par\u00eb.<\/span><\/p>\n<p><span style=\"color: #000000;\">Avokati i Rraj\u00ebs, Besnik \u00c7erekja, ka deklaruar se klienti i tij nuk ka lidhje me ngjarjen.<\/span><\/p>\n<p><span style=\"color: #000000;\"><em>\u201cNuk ka asnj\u00eb lidhje me ngjarjen, nuk ka asnj\u00eb lidhje me gjurm\u00ebt e gishtave t\u00eb pretenduara t\u00eb gjetura te syzet dhe me t\u00eb gjith\u00eb njer\u00ebzit e p\u00ebrfshir\u00eb n\u00eb k\u00ebt\u00eb histori\u201d<\/em>, tha \u00c7erekja.<\/span><\/p>\n<p><span style=\"color: #000000;\">Rraja vazhdon t\u00eb mohoj\u00eb akuzat p\u00ebr atentatin ku humbi jet\u00ebn Andi Maloku. Ai thot\u00eb se dit\u00ebn kur ndodhi ngjarja, ai ndodhej n\u00eb Durr\u00ebs p\u00ebr shkak se kishte pun\u00eb t\u00eb tijat personale me makin\u00ebn.<\/span><\/p>\n<p><span style=\"color: #000000;\">Redjan Rraja u ndalua pas atentatit me arm\u00eb te Mbikalimi i Shkozetit ku mbet\u00ebn t\u00eb plagosur prokurori i Durr\u00ebsit, Arjan Ndoji, shoferi i tij, Andi Maloku dhe Aleksand\u00ebr Laho (P\u00ebllumb Muharremi).<\/span><\/p>\n<p><span style=\"color: #000000;\">Pas ngjarjes, n\u00eb Ish\u00ebm u gjet i braktisur nj\u00eb mjet \u2018Mercedes-Benz\u2019 me targa t\u00eb vjedhura, ku prokuroria pretendon se ka gjetur prova t\u00eb mjafueshme se Rraja \u00ebsht\u00eb nj\u00eb nga personat q\u00eb ka marr\u00eb pjes\u00eb n\u00eb krim.<\/span><\/p>\n","protected":false,"gt_translate_keys":[{"key":"rendered","format":"html"}]},"excerpt":{"rendered":"<p>Redjan Rraja, personi i cili akuzohet p\u00ebr atentatin ndaj \u00a0prokurorit Arian Ndoja, Aleksand\u00ebr Lahos dhe Andi Malokut ka k\u00ebrkuar lirin\u00eb n\u00eb Apel. Por \u00a0Gjykata e Apelit p\u00ebr Krime t\u00eb R\u00ebnda la n\u00eb fuyqi t\u00eb nj\u00ebjt\u00ebn mas\u00eb sigurie t\u00eb vendosur nga Gjykata e Shkall\u00ebs s\u00eb Par\u00eb. Avokati i Rraj\u00ebs, Besnik \u00c7erekja, ka deklaruar se klienti i [&hellip;]<\/p>\n","protected":false,"gt_translate_keys":[{"key":"rendered","format":"html"}]},"author":30,"featured_media":335395,"comment_status":"open","ping_status":"open","sticky":false,"template":"","format":"standard","meta":{"footnotes":""},"categories":[65,13],"tags":[],"class_list":["post-335394","post","type-post","status-publish","format-standard","has-post-thumbnail","hentry","category-lajme","category-te-fundit"],"gt_translate_keys":[{"key":"link","format":"url"}],"_links":{"self":[{"href":"https:\/\/www.hashtag.al\/index.php\/wp-json\/wp\/v2\/posts\/335394","targetHints":{"allow":["GET"]}}],"collection":[{"href":"https:\/\/www.hashtag.al\/index.php\/wp-json\/wp\/v2\/posts"}],"about":[{"href":"https:\/\/www.hashtag.al\/index.php\/wp-json\/wp\/v2\/types\/post"}],"author":[{"embeddable":true,"href":"https:\/\/www.hashtag.al\/index.php\/wp-json\/wp\/v2\/users\/30"}],"replies":[{"embeddable":true,"href":"https:\/\/www.hashtag.al\/index.php\/wp-json\/wp\/v2\/comments?post=335394"}],"version-history":[{"count":0,"href":"https:\/\/www.hashtag.al\/index.php\/wp-json\/wp\/v2\/posts\/335394\/revisions"}],"wp:featuredmedia":[{"embeddable":true,"href":"https:\/\/www.hashtag.al\/index.php\/wp-json\/wp\/v2\/media\/335395"}],"wp:attachment":[{"href":"https:\/\/www.hashtag.al\/index.php\/wp-json\/wp\/v2\/media?parent=335394"}],"wp:term":[{"taxonomy":"category","embeddable":true,"href":"https:\/\/www.hashtag.al\/index.php\/wp-json\/wp\/v2\/categories?post=335394"},{"taxonomy":"post_tag","embeddable":true,"href":"https:\/\/www.hashtag.al\/index.php\/wp-json\/wp\/v2\/tags?post=335394"}],"curies":[{"name":"wp","href":"https:\/\/api.w.org\/{rel}","templated":true}]}}