{"id":335385,"date":"2019-11-20T10:45:22","date_gmt":"2019-11-20T09:45:22","guid":{"rendered":"https:\/\/hashtag.al\/?p=335385"},"modified":"2019-11-20T10:46:59","modified_gmt":"2019-11-20T09:46:59","slug":"vritet-ne-mes-te-leksionit-djali-i-ish-presidentit-gjerman","status":"publish","type":"post","link":"https:\/\/www.hashtag.al\/index.php\/2019\/11\/20\/vritet-ne-mes-te-leksionit-djali-i-ish-presidentit-gjerman\/","title":{"rendered":"Vritet n\u00eb mes t\u00eb leksionit djali i ish-presidentit gjerman","gt_translate_keys":[{"key":"rendered","format":"text"}]},"content":{"rendered":"<p><a href=\"https:\/\/hashtag.al\/wp-content\/uploads\/2019\/11\/gjermaa.jpg\"><img loading=\"lazy\" decoding=\"async\" class=\"aligncenter size-full wp-image-335388\" src=\"https:\/\/hashtag.al\/wp-content\/uploads\/2019\/11\/gjermaa.jpg\" alt=\"\" width=\"670\" height=\"335\" srcset=\"https:\/\/www.hashtag.al\/wp-content\/uploads\/2019\/11\/gjermaa.jpg 670w, https:\/\/www.hashtag.al\/wp-content\/uploads\/2019\/11\/gjermaa-300x150.jpg 300w\" sizes=\"auto, (max-width: 670px) 100vw, 670px\" \/><\/a><\/p>\n<p><span style=\"color: #000000;\">Vritet mjeku i njohur Fritz von Weizs\u00e4cker, djali i ish-presidentit t\u00eb ndjer\u00eb Richard von Weizs\u00e4cker. <span style=\"color: #0000ff;\"><a style=\"color: #0000ff;\" href=\"https:\/\/www.dw.com\/en\/son-of-former-german-president-stabbed-to-death-in-berlin-hospital\/a-51325419\">Mediat<\/a> <\/span>gjermane shkruajn\u00eb se Weizs\u00e4cker u godit me thik\u00eb t\u00eb mart\u00ebn nd\u00ebrsa jepte nj\u00eb leksion n\u00eb nj\u00eb spital n\u00eb Berlin.<\/span><\/p>\n<p><span style=\"color: #000000;\">\u00a0Agresori po e ndiqte leksionin n\u00eb rresht t\u00eb par\u00eb, kur krejt papritur nxori nj\u00eb thik\u00eb dhe sulmoi mjekun e njohur. Nj\u00eb person tjet\u00ebr, nj\u00eb oficer policie jasht\u00eb sh\u00ebrbimit, ka mbetur i plagosur r\u00ebnd\u00eb nd\u00ebrsa po p\u00ebrpiqej t\u00eb ndalonte sulmuesin.<\/span><\/p>\n<p><span style=\"color: #000000;\">Oficeri u d\u00ebrgua n\u00eb nj\u00eb spital tjet\u00ebr.<\/span><\/p>\n<p><span style=\"color: #000000;\">Spitali Schlosspark rregullisht organizon evente t\u00eb hapura p\u00ebr publikun. Policia e kapi sulmuesin me ndihm\u00ebn e an\u00ebtar\u00ebve t\u00eb turm\u00ebs.<\/span><\/p>\n<p><span style=\"color: #000000;\">Von Weizs\u00e4cker ka patur nj\u00eb karrier\u00eb t\u00eb suksesshme n\u00eb mjek\u00ebsi. Ai punoi n\u00eb Freiburg, Boston dhe Cyrih dhe m\u00eb von\u00eb n\u00eb Berlin n\u00eb vitin 2005.<\/span><\/p>\n<p><span style=\"color: #000000;\">Ai \u00ebsht\u00eb nj\u00eb nga kat\u00ebr f\u00ebmij\u00ebt e Richard von Weizsacker, i cili sh\u00ebrbeu si president q\u00eb nga 1984 deri n\u00eb 1994. Ish-presidenti u nda nga jeta n\u00eb \u00a0vitin 2015.<\/span><\/p>\n<p><a href=\"https:\/\/hashtag.al\/wp-content\/uploads\/2019\/11\/Gjermani.jpg\"><img loading=\"lazy\" decoding=\"async\" class=\"aligncenter size-full wp-image-335387\" src=\"https:\/\/hashtag.al\/wp-content\/uploads\/2019\/11\/Gjermani.jpg\" alt=\"\" width=\"700\" height=\"394\" srcset=\"https:\/\/www.hashtag.al\/wp-content\/uploads\/2019\/11\/Gjermani.jpg 700w, https:\/\/www.hashtag.al\/wp-content\/uploads\/2019\/11\/Gjermani-300x169.jpg 300w\" sizes=\"auto, (max-width: 700px) 100vw, 700px\" \/><\/a> <a href=\"https:\/\/hashtag.al\/wp-content\/uploads\/2019\/11\/djali-i-presidentit.jpg\"><img loading=\"lazy\" decoding=\"async\" class=\"aligncenter size-full wp-image-335386\" src=\"https:\/\/hashtag.al\/wp-content\/uploads\/2019\/11\/djali-i-presidentit.jpg\" alt=\"\" width=\"700\" height=\"394\" srcset=\"https:\/\/www.hashtag.al\/wp-content\/uploads\/2019\/11\/djali-i-presidentit.jpg 700w, https:\/\/www.hashtag.al\/wp-content\/uploads\/2019\/11\/djali-i-presidentit-300x169.jpg 300w\" sizes=\"auto, (max-width: 700px) 100vw, 700px\" \/><\/a><\/p>\n","protected":false,"gt_translate_keys":[{"key":"rendered","format":"html"}]},"excerpt":{"rendered":"<p>Vritet mjeku i njohur Fritz von Weizs\u00e4cker, djali i ish-presidentit t\u00eb ndjer\u00eb Richard von Weizs\u00e4cker. Mediat gjermane shkruajn\u00eb se Weizs\u00e4cker u godit me thik\u00eb t\u00eb mart\u00ebn nd\u00ebrsa jepte nj\u00eb leksion n\u00eb nj\u00eb spital n\u00eb Berlin. \u00a0Agresori po e ndiqte leksionin n\u00eb rresht t\u00eb par\u00eb, kur krejt papritur nxori nj\u00eb thik\u00eb dhe sulmoi mjekun e njohur. [&hellip;]<\/p>\n","protected":false,"gt_translate_keys":[{"key":"rendered","format":"html"}]},"author":30,"featured_media":335388,"comment_status":"open","ping_status":"open","sticky":false,"template":"","format":"standard","meta":{"footnotes":""},"categories":[6],"tags":[],"class_list":["post-335385","post","type-post","status-publish","format-standard","has-post-thumbnail","hentry","category-nderkombetare"],"gt_translate_keys":[{"key":"link","format":"url"}],"_links":{"self":[{"href":"https:\/\/www.hashtag.al\/index.php\/wp-json\/wp\/v2\/posts\/335385","targetHints":{"allow":["GET"]}}],"collection":[{"href":"https:\/\/www.hashtag.al\/index.php\/wp-json\/wp\/v2\/posts"}],"about":[{"href":"https:\/\/www.hashtag.al\/index.php\/wp-json\/wp\/v2\/types\/post"}],"author":[{"embeddable":true,"href":"https:\/\/www.hashtag.al\/index.php\/wp-json\/wp\/v2\/users\/30"}],"replies":[{"embeddable":true,"href":"https:\/\/www.hashtag.al\/index.php\/wp-json\/wp\/v2\/comments?post=335385"}],"version-history":[{"count":0,"href":"https:\/\/www.hashtag.al\/index.php\/wp-json\/wp\/v2\/posts\/335385\/revisions"}],"wp:featuredmedia":[{"embeddable":true,"href":"https:\/\/www.hashtag.al\/index.php\/wp-json\/wp\/v2\/media\/335388"}],"wp:attachment":[{"href":"https:\/\/www.hashtag.al\/index.php\/wp-json\/wp\/v2\/media?parent=335385"}],"wp:term":[{"taxonomy":"category","embeddable":true,"href":"https:\/\/www.hashtag.al\/index.php\/wp-json\/wp\/v2\/categories?post=335385"},{"taxonomy":"post_tag","embeddable":true,"href":"https:\/\/www.hashtag.al\/index.php\/wp-json\/wp\/v2\/tags?post=335385"}],"curies":[{"name":"wp","href":"https:\/\/api.w.org\/{rel}","templated":true}]}}