{"id":335365,"date":"2019-11-20T09:49:52","date_gmt":"2019-11-20T08:49:52","guid":{"rendered":"https:\/\/hashtag.al\/?p=335365"},"modified":"2019-11-20T10:02:04","modified_gmt":"2019-11-20T09:02:04","slug":"kajmaku-ne-kerkim-prokuroria-kerkese-notereve-njoftoni-nese-kajmaku-paraqitet-te-ju-ndryshe-mbani-pergjegjesi","status":"publish","type":"post","link":"https:\/\/www.hashtag.al\/index.php\/2019\/11\/20\/kajmaku-ne-kerkim-prokuroria-kerkese-notereve-njoftoni-nese-kajmaku-paraqitet-te-ju-ndryshe-mbani-pergjegjesi\/","title":{"rendered":"Kajmaku n\u00eb k\u00ebrkim &#8211; Prokuroria k\u00ebrkes\u00eb noter\u00ebve: Njoftoni n\u00ebse Kajmaku paraqitet te ju, ndryshe mbani p\u00ebrgjegj\u00ebsi","gt_translate_keys":[{"key":"rendered","format":"text"}]},"content":{"rendered":"<p><span style=\"color: #000000;\"><a style=\"color: #000000;\" href=\"https:\/\/hashtag.al\/wp-content\/uploads\/2019\/11\/agim-kajmaku-kqz.jpg\"><img loading=\"lazy\" decoding=\"async\" class=\"aligncenter size-full wp-image-331306\" src=\"https:\/\/hashtag.al\/wp-content\/uploads\/2019\/11\/agim-kajmaku-kqz.jpg\" alt=\"\" width=\"1104\" height=\"617\" srcset=\"https:\/\/www.hashtag.al\/wp-content\/uploads\/2019\/11\/agim-kajmaku-kqz.jpg 1104w, https:\/\/www.hashtag.al\/wp-content\/uploads\/2019\/11\/agim-kajmaku-kqz-300x168.jpg 300w, https:\/\/www.hashtag.al\/wp-content\/uploads\/2019\/11\/agim-kajmaku-kqz-768x429.jpg 768w, https:\/\/www.hashtag.al\/wp-content\/uploads\/2019\/11\/agim-kajmaku-kqz-1024x572.jpg 1024w\" sizes=\"auto, (max-width: 1104px) 100vw, 1104px\" \/><\/a><\/span><\/p>\n<p><span style=\"color: #000000;\">Nd\u00ebrkoh\u00eb q\u00eb ish-kryebashkiaku Agim Kajmaku \u00ebsht\u00eb zyrtarisht n\u00eb k\u00ebrkim, Prokuroria e Tiran\u00ebs i ka drejtuar nj\u00eb shkres\u00eb Dhom\u00ebs s\u00eb Noteris\u00eb, ku k\u00ebrkon nga noter\u00ebt q\u00eb t\u00eb njoftojn\u00eb n\u00ebse Kajmaku paraqitet p\u00ebr t\u00eb b\u00ebr\u00eb ndonj\u00eb prokur\u00eb.<\/span><\/p>\n<p><span style=\"color: #000000;\"><em>&#8220;N\u00ebse noter\u00ebt nuk njoftojn\u00eb n\u00eb rast se avokati i Kajmakut paraqet prokur\u00eb do t\u00eb mbajn\u00eb p\u00ebrgjegj\u00ebsi ligjore&#8221;<\/em>&#8211; paralajm\u00ebron organi i akuz\u00ebs. Shkresa mban firm\u00ebn e drejtuesit t\u00eb seksionit, Kol\u00eb Hysenaj.<\/span><\/p>\n<p><span style=\"color: #000000;\">P\u00ebr m\u00eb shum\u00eb se nj\u00eb jav\u00eb, Prokuroria e Tiran\u00ebs ka l\u00ebshuar nj\u00eb urdh\u00ebr-arresti p\u00ebr Agim Kajmakun.<\/span><\/p>\n<p><span style=\"color: #000000;\">Pas denoncimeve t\u00eb PD-s\u00eb, \u00a0Prokuroria e P\u00ebrgjithshme doli me konkluzionet se Agim Kajmaku ka fshehur arrestimin dhe m\u00eb pas hetimin n\u00eb Greqi me nj\u00eb em\u00ebr tjet\u00ebr, Jorgo Toto. Si rezultat at\u00eb e kap ligji i dekriminalizimit, pasi nuk e ka deklaruar arrestimin n\u00eb zgjedhjet e qershorit t\u00eb 2019-\u00ebs.<\/span><\/p>\n<p><span style=\"color: #000000;\">Kajmaku po hetohet edhe p\u00ebr veprimet e tij gjat\u00eb koh\u00ebs q\u00eb mbajti detyr\u00ebn e kryebashkiakut t\u00eb Vor\u00ebs. N\u00eb dit\u00ebn kur KQZ i hoqi mandatin, Kajmaku shkarkoi dy n\u00ebnkryetar\u00ebt e bashkis\u00eb dhe em\u00ebroi nj\u00eb tjet\u00ebr n\u00ebnkryetar Gentian Picarin, duke kontrolluar bashkin\u00eb p\u00ebrmes tij, edhe pas shkarkimit.<\/span><\/p>\n<p><span style=\"color: #000000;\">P\u00ebrmes avokat\u00ebve t\u00eb tij, Kajmaku k\u00ebrkon q\u00eb t\u00eb ndryshohet masa e dh\u00ebn\u00eb nga gjykata p\u00ebr &#8220;Arrest me burg&#8221;.<\/span><\/p>\n<p><span style=\"color: #000000;\">Kajmaku d\u00ebnua p\u00ebr \u201cdeklarim t\u00eb rrem\u00eb n\u00eb formularin e dekriminalizimit\u201d si edhe p\u00ebr shp\u00ebrdorim detyre<strong>.\/Hashtag.al<\/strong><\/span><\/p>\n<p><a href=\"https:\/\/hashtag.al\/wp-content\/uploads\/2019\/11\/dokumenti-1.jpg\"><img loading=\"lazy\" decoding=\"async\" class=\"aligncenter size-full wp-image-335371\" src=\"https:\/\/hashtag.al\/wp-content\/uploads\/2019\/11\/dokumenti-1.jpg\" alt=\"\" width=\"580\" height=\"706\" srcset=\"https:\/\/www.hashtag.al\/wp-content\/uploads\/2019\/11\/dokumenti-1.jpg 580w, https:\/\/www.hashtag.al\/wp-content\/uploads\/2019\/11\/dokumenti-1-246x300.jpg 246w\" sizes=\"auto, (max-width: 580px) 100vw, 580px\" \/><\/a><\/p>\n","protected":false,"gt_translate_keys":[{"key":"rendered","format":"html"}]},"excerpt":{"rendered":"<p>Nd\u00ebrkoh\u00eb q\u00eb ish-kryebashkiaku Agim Kajmaku \u00ebsht\u00eb zyrtarisht n\u00eb k\u00ebrkim, Prokuroria e Tiran\u00ebs i ka drejtuar nj\u00eb shkres\u00eb Dhom\u00ebs s\u00eb Noteris\u00eb, ku k\u00ebrkon nga noter\u00ebt q\u00eb t\u00eb njoftojn\u00eb n\u00ebse Kajmaku paraqitet p\u00ebr t\u00eb b\u00ebr\u00eb ndonj\u00eb prokur\u00eb. &#8220;N\u00ebse noter\u00ebt nuk njoftojn\u00eb n\u00eb rast se avokati i Kajmakut paraqet prokur\u00eb do t\u00eb mbajn\u00eb p\u00ebrgjegj\u00ebsi ligjore&#8221;&#8211; paralajm\u00ebron organi i [&hellip;]<\/p>\n","protected":false,"gt_translate_keys":[{"key":"rendered","format":"html"}]},"author":30,"featured_media":330595,"comment_status":"open","ping_status":"open","sticky":false,"template":"","format":"standard","meta":{"footnotes":""},"categories":[22,65,13],"tags":[],"class_list":["post-335365","post","type-post","status-publish","format-standard","has-post-thumbnail","hentry","category-ballina","category-lajme","category-te-fundit"],"gt_translate_keys":[{"key":"link","format":"url"}],"_links":{"self":[{"href":"https:\/\/www.hashtag.al\/index.php\/wp-json\/wp\/v2\/posts\/335365","targetHints":{"allow":["GET"]}}],"collection":[{"href":"https:\/\/www.hashtag.al\/index.php\/wp-json\/wp\/v2\/posts"}],"about":[{"href":"https:\/\/www.hashtag.al\/index.php\/wp-json\/wp\/v2\/types\/post"}],"author":[{"embeddable":true,"href":"https:\/\/www.hashtag.al\/index.php\/wp-json\/wp\/v2\/users\/30"}],"replies":[{"embeddable":true,"href":"https:\/\/www.hashtag.al\/index.php\/wp-json\/wp\/v2\/comments?post=335365"}],"version-history":[{"count":0,"href":"https:\/\/www.hashtag.al\/index.php\/wp-json\/wp\/v2\/posts\/335365\/revisions"}],"wp:featuredmedia":[{"embeddable":true,"href":"https:\/\/www.hashtag.al\/index.php\/wp-json\/wp\/v2\/media\/330595"}],"wp:attachment":[{"href":"https:\/\/www.hashtag.al\/index.php\/wp-json\/wp\/v2\/media?parent=335365"}],"wp:term":[{"taxonomy":"category","embeddable":true,"href":"https:\/\/www.hashtag.al\/index.php\/wp-json\/wp\/v2\/categories?post=335365"},{"taxonomy":"post_tag","embeddable":true,"href":"https:\/\/www.hashtag.al\/index.php\/wp-json\/wp\/v2\/tags?post=335365"}],"curies":[{"name":"wp","href":"https:\/\/api.w.org\/{rel}","templated":true}]}}