{"id":335227,"date":"2019-11-19T18:11:59","date_gmt":"2019-11-19T17:11:59","guid":{"rendered":"https:\/\/hashtag.al\/?p=335227"},"modified":"2019-11-19T18:11:59","modified_gmt":"2019-11-19T17:11:59","slug":"policia-e-prokuroria-mbrojne-trafikantet-e-vertete-flet-i-akuzuari-per-613-kg-kokaine","status":"publish","type":"post","link":"https:\/\/www.hashtag.al\/index.php\/2019\/11\/19\/policia-e-prokuroria-mbrojne-trafikantet-e-vertete-flet-i-akuzuari-per-613-kg-kokaine\/","title":{"rendered":"&#8220;Policia e prokuroria mbrojn\u00eb trafikant\u00ebt e v\u00ebrtet\u00eb&#8221; &#8211; Flet i akuzuari p\u00ebr 613 kg kokain\u00eb","gt_translate_keys":[{"key":"rendered","format":"text"}]},"content":{"rendered":"<p><img loading=\"lazy\" decoding=\"async\" class=\"aligncenter size-full wp-image-335228\" src=\"https:\/\/hashtag.al\/wp-content\/uploads\/2019\/11\/arber-cekaj-19-nentor.jpg\" alt=\"\" width=\"678\" height=\"381\" srcset=\"https:\/\/www.hashtag.al\/wp-content\/uploads\/2019\/11\/arber-cekaj-19-nentor.jpg 678w, https:\/\/www.hashtag.al\/wp-content\/uploads\/2019\/11\/arber-cekaj-19-nentor-300x169.jpg 300w\" sizes=\"auto, (max-width: 678px) 100vw, 678px\" \/><\/p>\n<p><span style=\"color: #000000;\">Arb\u00ebr \u00c7ekaj, pronari i \u2018Arbri Garden\u2019, i arrestuar lidhur me 613 kilogram\u00eb kokain\u00eb q\u00eb u kap\u00ebn n\u00eb nj\u00eb ngarkes\u00eb bananesh n\u00eb nj\u00eb magazin\u00eb pran\u00eb Portit t\u00eb Durr\u00ebsit, ka deklaruar se aksioni p\u00ebr kapjen e drog\u00ebs u krye n\u00eb magazin\u00eb p\u00ebr t\u00eb shp\u00ebtuar trafikant\u00ebt e v\u00ebrtet\u00eb.<\/span><\/p>\n<p><span style=\"color: #000000;\">Nj\u00eb dit\u00eb para pretencs s\u00eb prokuroris\u00eb p\u00ebr Krime t\u00eb R\u00ebnda, \u00c7ekaj ka dh\u00ebn\u00eb nj\u00eb intervist\u00eb p\u00ebr \u2018Ne\u00ebs24\u2019, ku ka rr\u00ebfyer pretendimet e tij lidhur me ngjarjen n\u00eb fjal\u00eb.<\/span><\/p>\n<p><span style=\"color: #000000;\"><em>\u2018\u00cbsht\u00eb totalisht e q\u00ebllimt\u00eb nga ana e policis\u00eb, prokuroris\u00eb dhe atij personi i cili dha urdh\u00ebr q\u00eb operacioni t\u00eb nd\u00ebrpritej n\u00eb magazinat e kompanis\u00eb time. N\u00ebse operacioni do t\u00eb shkonte deri n\u00eb fund, patjet\u00ebr q\u00eb do t\u00eb ishte kapur grupi kriminal e jo un\u00eb. Me gjeni nj\u00eb vend normal t\u00eb bot\u00ebs q\u00eb arrestohet pronari i kompanis\u00eb q\u00eb importon fruta, se n\u00eb kontenier\u00ebt q\u00eb nuk jan\u00eb fare t\u00eb tij\u00ebt, gjendet drog\u00eb. I vetmi vend \u00ebsht\u00eb Shqip\u00ebria, edhe n\u00eb Shqip\u00ebri i vetmi pronash frutash n\u00eb burg jam un\u00eb. Pra prokuroria ka luft\u00eb personale ndaj meje e familjes time, e kjo vet\u00ebm p\u00ebr t\u00eb mbrojtur grupin e v\u00ebrtet\u00eb kriminal q\u00eb ata e din\u00eb se kush \u00ebsht\u00eb, por askush nuk guxon ta prek\u00eb\u2019,<\/em> tha \u00c7ekaj.<\/span><\/p>\n<p><span style=\"color: #000000;\">Ai tha se ndodhet n\u00eb burg pa asnj\u00eb prov\u00eb nga ana e prokuroris\u00eb dhe se e gjitha \u00ebsht\u00eb nj\u00eb sajes\u00eb e institucioneve shtet\u00ebrore p\u00ebr ta d\u00ebnuar pa prova.<\/span><\/p>\n<p><span style=\"color: #000000;\"><em>\u2018Shteti ka strukturat e veta, p\u00ebrfshi edhe mediat e varura prej tij dhe n\u00eb vend q\u00eb t\u00eb m\u00eb mbrojn\u00eb lirit\u00eb si shtetas shqiptar, m\u00eb fusin n\u00eb burg pa asnj\u00eb prov\u00eb p\u00ebr t\u00eb mbuluar e shp\u00ebtuar trafikant\u00ebt, mundohet t\u00eb m\u00eb fus\u00eb n\u00eb konflikt me njer\u00ebz q\u00eb nuk i njoh e s\u2019kam lidhje, mundohet t\u00eb m\u00eb mbyll\u00eb biznesin e t\u00eb m\u00eb sekuestroj\u00eb \u00e7do gj\u00eb q\u00eb kam. N\u00eb k\u00ebto kushte \u00e7do njeri normal do t\u00eb ndihej i frik\u00ebsuar besoj. Megjithat\u00eb me t\u00eb m\u00eb t\u00eb frik\u00ebsuar jan\u00eb ata q\u00eb kan\u00eb frik\u00eb nga e v\u00ebrteta, sesa un\u00eb nga padrejt\u00ebsit\u00eb.\u2019<\/em> &#8211; shtoi \u00c7ekaj.<\/span><\/p>\n<p><span style=\"color: #000000;\">P\u00ebrve\u00e7 \u00c7ekajt, lidhur me kokain\u00ebn e kapur jan\u00eb n\u00eb bur shoferi Armando Pezaku e menaxheri i kompanis\u00eb, Donaldo Lushaj.<\/span><\/p>\n<p>&nbsp;<\/p>\n","protected":false,"gt_translate_keys":[{"key":"rendered","format":"html"}]},"excerpt":{"rendered":"<p>Arb\u00ebr \u00c7ekaj, pronari i \u2018Arbri Garden\u2019, i arrestuar lidhur me 613 kilogram\u00eb kokain\u00eb q\u00eb u kap\u00ebn n\u00eb nj\u00eb ngarkes\u00eb bananesh n\u00eb nj\u00eb magazin\u00eb pran\u00eb Portit t\u00eb Durr\u00ebsit, ka deklaruar se aksioni p\u00ebr kapjen e drog\u00ebs u krye n\u00eb magazin\u00eb p\u00ebr t\u00eb shp\u00ebtuar trafikant\u00ebt e v\u00ebrtet\u00eb. Nj\u00eb dit\u00eb para pretencs s\u00eb prokuroris\u00eb p\u00ebr Krime t\u00eb R\u00ebnda, [&hellip;]<\/p>\n","protected":false,"gt_translate_keys":[{"key":"rendered","format":"html"}]},"author":51,"featured_media":335228,"comment_status":"open","ping_status":"open","sticky":false,"template":"","format":"standard","meta":{"footnotes":""},"categories":[65,13],"tags":[],"class_list":["post-335227","post","type-post","status-publish","format-standard","has-post-thumbnail","hentry","category-lajme","category-te-fundit"],"gt_translate_keys":[{"key":"link","format":"url"}],"_links":{"self":[{"href":"https:\/\/www.hashtag.al\/index.php\/wp-json\/wp\/v2\/posts\/335227","targetHints":{"allow":["GET"]}}],"collection":[{"href":"https:\/\/www.hashtag.al\/index.php\/wp-json\/wp\/v2\/posts"}],"about":[{"href":"https:\/\/www.hashtag.al\/index.php\/wp-json\/wp\/v2\/types\/post"}],"author":[{"embeddable":true,"href":"https:\/\/www.hashtag.al\/index.php\/wp-json\/wp\/v2\/users\/51"}],"replies":[{"embeddable":true,"href":"https:\/\/www.hashtag.al\/index.php\/wp-json\/wp\/v2\/comments?post=335227"}],"version-history":[{"count":0,"href":"https:\/\/www.hashtag.al\/index.php\/wp-json\/wp\/v2\/posts\/335227\/revisions"}],"wp:featuredmedia":[{"embeddable":true,"href":"https:\/\/www.hashtag.al\/index.php\/wp-json\/wp\/v2\/media\/335228"}],"wp:attachment":[{"href":"https:\/\/www.hashtag.al\/index.php\/wp-json\/wp\/v2\/media?parent=335227"}],"wp:term":[{"taxonomy":"category","embeddable":true,"href":"https:\/\/www.hashtag.al\/index.php\/wp-json\/wp\/v2\/categories?post=335227"},{"taxonomy":"post_tag","embeddable":true,"href":"https:\/\/www.hashtag.al\/index.php\/wp-json\/wp\/v2\/tags?post=335227"}],"curies":[{"name":"wp","href":"https:\/\/api.w.org\/{rel}","templated":true}]}}