{"id":334939,"date":"2019-11-18T15:51:41","date_gmt":"2019-11-18T14:51:41","guid":{"rendered":"https:\/\/hashtag.al\/?p=334939"},"modified":"2019-11-18T16:36:42","modified_gmt":"2019-11-18T15:36:42","slug":"meta-shpall-non-grata-ambasadorin-e-osbe-se-borchardt","status":"publish","type":"post","link":"https:\/\/www.hashtag.al\/index.php\/2019\/11\/18\/meta-shpall-non-grata-ambasadorin-e-osbe-se-borchardt\/","title":{"rendered":"Meta shpall &#8220;non grata&#8221; ambasadorin e OSBE-s\u00eb, Borchardt","gt_translate_keys":[{"key":"rendered","format":"text"}]},"content":{"rendered":"<p><span style=\"color: #000000;\"><img loading=\"lazy\" decoding=\"async\" class=\"aligncenter size-full wp-image-334947\" src=\"https:\/\/hashtag.al\/wp-content\/uploads\/2019\/11\/metaborchardt.jpg\" alt=\"\" width=\"2000\" height=\"1000\" srcset=\"https:\/\/www.hashtag.al\/wp-content\/uploads\/2019\/11\/metaborchardt.jpg 2000w, https:\/\/www.hashtag.al\/wp-content\/uploads\/2019\/11\/metaborchardt-300x150.jpg 300w, https:\/\/www.hashtag.al\/wp-content\/uploads\/2019\/11\/metaborchardt-768x384.jpg 768w, https:\/\/www.hashtag.al\/wp-content\/uploads\/2019\/11\/metaborchardt-1024x512.jpg 1024w\" sizes=\"auto, (max-width: 2000px) 100vw, 2000px\" \/><\/span><\/p>\n<p><span style=\"color: #000000;\">Presidenti Meta ka shpallur \u201cnon grata\u201d ambasadorin e OSBE-s\u00eb n\u00eb Tiran\u00eb, Bernd Borchardt.<\/span><\/p>\n<p><span style=\"color: #000000;\">Kreu i shtetit ka d\u00ebrguar nj\u00eb let\u00ebr n\u00eb selin\u00eb qendrore t\u00eb OSBE-s\u00eb n\u00eb Kopenhagen t\u00eb Danimark\u00ebs ku b\u00ebn me dije se Borchardt nuk \u00ebsht\u00eb i mir\u00ebpritur n\u00eb institucionin e drejtuar prej tij.<\/span><\/p>\n<p><span style=\"color: #000000;\">Meta thekson edhe arsyet q\u00eb e kan\u00eb shtyr\u00eb drejt nj\u00eb vendimi t\u00eb till\u00eb duke theksuar se dy argumente kryesore.<\/span><\/p>\n<p><span style=\"color: #000000;\">I pari ka t\u00eb b\u00ebj\u00eb m\u00eb v\u00ebnien n\u00eb dyshim t\u00eb dekretit t\u00eb presidentit p\u00ebr zgjedhjet vendore t\u00eb qershorit 2019, nd\u00ebrsa i dyti ka t\u00eb b\u00ebj\u00eb me fyerjen publike me gjestin e ngitjes s\u00eb gishtit ndaj qytetar\u00ebve shqiptar\u00eb.<\/span><\/p>\n<p><span style=\"color: #000000;\">Ky i fundit ndodhir mbr\u00ebmjen e 13 tetorit 2019, ku ambasadori Borchardt u tregoi gishtin e mesit disa protestuesve t\u00eb Unaz\u00ebs s\u00eb Re, q\u00eb ndodheshin para Drejtoris\u00eb s\u00eb Policis\u00eb s\u00eb Tiran\u00ebs, n\u00eb mb\u00ebshtetje t\u00eb disa banor\u00ebve t\u00eb arrestuar.<\/span><\/p>\n<p><span style=\"color: #000000;\">N\u00eb p\u00ebrgjigjen e ardhur nga zyra e OSBE-s\u00eb pas ankes\u00ebs zyrtar\u00eb t\u00eb L\u00ebvizj\u00ebs p\u00ebr Dinjitet e Grave t\u00eb \u2018Unaz\u00ebs s\u00eb Re\u2019, theksohej se institucioni n\u00eb fjal\u00eb kishte procedura t\u00eb ve\u00e7anta p\u00ebr raste t\u00eb tilla nd\u00ebrsa thuhej se Borchardt i kishte k\u00ebrkuar falje popullit shqiptar p\u00ebr incidentin e ndodhur.<\/span><\/p>\n<p><span style=\"color: #000000;\"><em>\u2018Ky ishte nj\u00eb incident p\u00ebr t\u00eb cilin na vjen keq. Ambasadori Borchardt i ka k\u00ebrkuar falje popullit shqiptar dhe theksoi se ai respekton t\u00eb drejt\u00ebn e shqiptar\u00ebve p\u00ebr demonstrim paq\u00ebsor. Kjo nuk duhet t\u00eb hedh\u00eb hije n\u00eb pun\u00ebn e madhe q\u00eb po b\u00ebhet nga Prania e OSBE-s\u00eb p\u00ebr t\u00eb ndihmuar Shqip\u00ebrin\u00eb dhe qytetar\u00ebt e saj p\u00ebr reformat e tyre n\u00eb nj\u00eb shum\u00eb fusha. OSBE do t\u00eb vazhdoj\u00eb angazhimin dhe t\u00eb ofroj\u00eb ndihm\u00eb p\u00ebr Shqip\u00ebrin\u00eb. OSBE-ja ka procese t\u00eb brendshme n\u00eb lidhje me \u00e7\u00ebshtje t\u00eb tilla. K\u00ebto jan\u00eb nj\u00eb \u00e7\u00ebshtje e menaxhimit t\u00eb brendsh\u00ebm dhe ne nuk mund t\u00eb komentojm\u00eb publikisht p\u00ebr ndonj\u00eb proces specifik q\u00eb mund t\u00eb lind\u00eb.\u2019 &#8211; <\/em>thuhej n\u00eb p\u00ebrgjigje.\u00a0<\/span><span style=\"color: #000000;\">\u00a0<em><strong>\/Hashtag.al<\/strong><\/em><\/span><\/p>\n<p><span style=\"color: #000000;\"> <img loading=\"lazy\" decoding=\"async\" class=\"aligncenter size-full wp-image-334957\" src=\"https:\/\/hashtag.al\/wp-content\/uploads\/2019\/11\/metaborchardtshkrese.PNG2_.png\" alt=\"\" width=\"598\" height=\"734\" srcset=\"https:\/\/www.hashtag.al\/wp-content\/uploads\/2019\/11\/metaborchardtshkrese.PNG2_.png 598w, https:\/\/www.hashtag.al\/wp-content\/uploads\/2019\/11\/metaborchardtshkrese.PNG2_-244x300.png 244w\" sizes=\"auto, (max-width: 598px) 100vw, 598px\" \/><\/span><\/p>\n","protected":false,"gt_translate_keys":[{"key":"rendered","format":"html"}]},"excerpt":{"rendered":"<p>Presidenti Meta ka shpallur \u201cnon grata\u201d ambasadorin e OSBE-s\u00eb n\u00eb Tiran\u00eb, Bernd Borchardt. Kreu i shtetit ka d\u00ebrguar nj\u00eb let\u00ebr n\u00eb selin\u00eb qendrore t\u00eb OSBE-s\u00eb n\u00eb Kopenhagen t\u00eb Danimark\u00ebs ku b\u00ebn me dije se Borchardt nuk \u00ebsht\u00eb i mir\u00ebpritur n\u00eb institucionin e drejtuar prej tij. Meta thekson edhe arsyet q\u00eb e kan\u00eb shtyr\u00eb drejt nj\u00eb [&hellip;]<\/p>\n","protected":false,"gt_translate_keys":[{"key":"rendered","format":"html"}]},"author":51,"featured_media":334947,"comment_status":"open","ping_status":"open","sticky":false,"template":"","format":"standard","meta":{"footnotes":""},"categories":[22,65,13],"tags":[],"class_list":["post-334939","post","type-post","status-publish","format-standard","has-post-thumbnail","hentry","category-ballina","category-lajme","category-te-fundit"],"gt_translate_keys":[{"key":"link","format":"url"}],"_links":{"self":[{"href":"https:\/\/www.hashtag.al\/index.php\/wp-json\/wp\/v2\/posts\/334939","targetHints":{"allow":["GET"]}}],"collection":[{"href":"https:\/\/www.hashtag.al\/index.php\/wp-json\/wp\/v2\/posts"}],"about":[{"href":"https:\/\/www.hashtag.al\/index.php\/wp-json\/wp\/v2\/types\/post"}],"author":[{"embeddable":true,"href":"https:\/\/www.hashtag.al\/index.php\/wp-json\/wp\/v2\/users\/51"}],"replies":[{"embeddable":true,"href":"https:\/\/www.hashtag.al\/index.php\/wp-json\/wp\/v2\/comments?post=334939"}],"version-history":[{"count":0,"href":"https:\/\/www.hashtag.al\/index.php\/wp-json\/wp\/v2\/posts\/334939\/revisions"}],"wp:featuredmedia":[{"embeddable":true,"href":"https:\/\/www.hashtag.al\/index.php\/wp-json\/wp\/v2\/media\/334947"}],"wp:attachment":[{"href":"https:\/\/www.hashtag.al\/index.php\/wp-json\/wp\/v2\/media?parent=334939"}],"wp:term":[{"taxonomy":"category","embeddable":true,"href":"https:\/\/www.hashtag.al\/index.php\/wp-json\/wp\/v2\/categories?post=334939"},{"taxonomy":"post_tag","embeddable":true,"href":"https:\/\/www.hashtag.al\/index.php\/wp-json\/wp\/v2\/tags?post=334939"}],"curies":[{"name":"wp","href":"https:\/\/api.w.org\/{rel}","templated":true}]}}