{"id":334854,"date":"2019-11-18T11:04:29","date_gmt":"2019-11-18T10:04:29","guid":{"rendered":"https:\/\/hashtag.al\/?p=334854"},"modified":"2019-11-18T11:06:44","modified_gmt":"2019-11-18T10:06:44","slug":"papa-francesku-shtron-dreke-per-1500-te-varfer-menuja-pa-mish-derri-per-te-respektuar-myslimanet","status":"publish","type":"post","link":"https:\/\/www.hashtag.al\/index.php\/2019\/11\/18\/papa-francesku-shtron-dreke-per-1500-te-varfer-menuja-pa-mish-derri-per-te-respektuar-myslimanet\/","title":{"rendered":"Papa Fran\u00e7esku shtron drek\u00eb p\u00ebr 1500 t\u00eb varf\u00ebr, menuja pa mish derri p\u00ebr t\u00eb respektuar mysliman\u00ebt","gt_translate_keys":[{"key":"rendered","format":"text"}]},"content":{"rendered":"<p><a href=\"https:\/\/hashtag.al\/wp-content\/uploads\/2019\/11\/135150066-be7e24ea-d419-4b81-a411-be2870106f2d.jpg\"><img loading=\"lazy\" decoding=\"async\" class=\"aligncenter size-full wp-image-334856\" src=\"https:\/\/hashtag.al\/wp-content\/uploads\/2019\/11\/135150066-be7e24ea-d419-4b81-a411-be2870106f2d.jpg\" alt=\"\" width=\"1105\" height=\"724\" srcset=\"https:\/\/www.hashtag.al\/wp-content\/uploads\/2019\/11\/135150066-be7e24ea-d419-4b81-a411-be2870106f2d.jpg 1105w, https:\/\/www.hashtag.al\/wp-content\/uploads\/2019\/11\/135150066-be7e24ea-d419-4b81-a411-be2870106f2d-300x197.jpg 300w, https:\/\/www.hashtag.al\/wp-content\/uploads\/2019\/11\/135150066-be7e24ea-d419-4b81-a411-be2870106f2d-768x503.jpg 768w, https:\/\/www.hashtag.al\/wp-content\/uploads\/2019\/11\/135150066-be7e24ea-d419-4b81-a411-be2870106f2d-1024x671.jpg 1024w\" sizes=\"auto, (max-width: 1105px) 100vw, 1105px\" \/><\/a><\/p>\n<p><span style=\"color: #000000;\">Si\u00e7 \u00ebsht\u00eb b\u00ebr\u00eb zakon, 3 vjet nga krijimi i Dit\u00ebs Bot\u00ebrore t\u00eb t\u00eb Varf\u00ebrve, Papa Fran\u00e7esku shtroi t\u00eb diel\u00ebn pas mesh\u00ebs n\u00eb Sh\u00ebn Pjet\u00ebr nj\u00eb drek\u00eb p\u00ebr rreth 1500 njer\u00ebz t\u00eb varf\u00ebr.<\/span><\/p>\n<p><span style=\"color: #000000;\">Pasi festoi mesh\u00ebn p\u00ebr t\u00eb varf\u00ebrit n\u00eb Bazilik\u00ebn e Sh\u00ebn Pjetrit, Papa vuri n\u00eb dukje statistikat n\u00eb lidhje me varf\u00ebrin\u00eb dhe indiferenc\u00ebn e dhimbshme t\u00eb shoq\u00ebris\u00eb.<\/span><\/p>\n<p><span style=\"color: #000000;\"><em>&#8220;Ne jemi n\u00eb nj\u00eb nxitim t\u00eb vazhduesh\u00ebm, pa u shqet\u00ebsuar se distancat rriten, se lakmia e disa prej tyre rrit varf\u00ebrin\u00eb e shum\u00eb njer\u00ebzve&#8221;<\/em>, tha Papa.<\/span><\/p>\n<p><iframe loading=\"lazy\" title=\"Pope Francis Has Lunch With 1,500 Poor People on World Day of the Poor\" width=\"1170\" height=\"658\" src=\"https:\/\/www.youtube.com\/embed\/XK9-fO6ie84?feature=oembed\" frameborder=\"0\" allow=\"accelerometer; autoplay; clipboard-write; encrypted-media; gyroscope; picture-in-picture\" allowfullscreen><\/iframe><\/p>\n<p><span style=\"color: #000000;\">Gjat\u00eb drek\u00ebs, Ati i Shenjt\u00eb \u00a0u sh\u00ebrbeu nj\u00eb menu pa mish derri, p\u00ebr t\u00eb lejuar pjes\u00ebmarrjen edhe t\u00eb njer\u00ebzve q\u00eb nuk ua lejon feja konsumimin e k\u00ebtij mishi, si\u00e7 shkruan <span style=\"color: #0000ff;\"><a style=\"color: #0000ff;\" href=\"https:\/\/www.news1.news\/2019\/11\/pope-francis-serves-1500-poor-halal-lasagna-to-respect-muslims.html\">News1<\/a><\/span>.<\/span><\/p>\n<p><span style=\"color: #000000;\"> Menuja p\u00ebrfshinte lasagna, mish pule me k\u00ebrpudha dhe patate, \u00ebmb\u00eblsir\u00eb, fruta dhe kafe ekspres.<\/span><\/p>\n<p><span style=\"color: #000000;\">Para se vakti i thjesht\u00eb t\u00eb sh\u00ebrbehej n\u00eb sall\u00ebn e zbukuruar bukur e bukur, Papa fal\u00ebnderoi t\u00eb gjith\u00eb t\u00eb pranishmit dhe i k\u00ebrkoi Zotit q\u00eb t&#8217;i bekoj\u00eb ata dhe familjet e tyre.<\/span><\/p>\n<p><a href=\"https:\/\/hashtag.al\/wp-content\/uploads\/2019\/11\/135149935-b011909f-2190-4f08-9a95-40d7afbe979e.jpg\"><img loading=\"lazy\" decoding=\"async\" class=\"aligncenter size-full wp-image-334855\" src=\"https:\/\/hashtag.al\/wp-content\/uploads\/2019\/11\/135149935-b011909f-2190-4f08-9a95-40d7afbe979e.jpg\" alt=\"\" width=\"1087\" height=\"724\" srcset=\"https:\/\/www.hashtag.al\/wp-content\/uploads\/2019\/11\/135149935-b011909f-2190-4f08-9a95-40d7afbe979e.jpg 1087w, https:\/\/www.hashtag.al\/wp-content\/uploads\/2019\/11\/135149935-b011909f-2190-4f08-9a95-40d7afbe979e-300x200.jpg 300w, https:\/\/www.hashtag.al\/wp-content\/uploads\/2019\/11\/135149935-b011909f-2190-4f08-9a95-40d7afbe979e-768x512.jpg 768w, https:\/\/www.hashtag.al\/wp-content\/uploads\/2019\/11\/135149935-b011909f-2190-4f08-9a95-40d7afbe979e-1024x682.jpg 1024w\" sizes=\"auto, (max-width: 1087px) 100vw, 1087px\" \/><\/a><a href=\"https:\/\/hashtag.al\/wp-content\/uploads\/2019\/11\/135150206-3795b030-7319-48d5-a485-26f4c5dbb4df.jpg\"><img loading=\"lazy\" decoding=\"async\" class=\"aligncenter size-full wp-image-334857\" src=\"https:\/\/hashtag.al\/wp-content\/uploads\/2019\/11\/135150206-3795b030-7319-48d5-a485-26f4c5dbb4df.jpg\" alt=\"\" width=\"1087\" height=\"724\" srcset=\"https:\/\/www.hashtag.al\/wp-content\/uploads\/2019\/11\/135150206-3795b030-7319-48d5-a485-26f4c5dbb4df.jpg 1087w, https:\/\/www.hashtag.al\/wp-content\/uploads\/2019\/11\/135150206-3795b030-7319-48d5-a485-26f4c5dbb4df-300x200.jpg 300w, https:\/\/www.hashtag.al\/wp-content\/uploads\/2019\/11\/135150206-3795b030-7319-48d5-a485-26f4c5dbb4df-768x512.jpg 768w, https:\/\/www.hashtag.al\/wp-content\/uploads\/2019\/11\/135150206-3795b030-7319-48d5-a485-26f4c5dbb4df-1024x682.jpg 1024w\" sizes=\"auto, (max-width: 1087px) 100vw, 1087px\" \/><\/a> <a href=\"https:\/\/hashtag.al\/wp-content\/uploads\/2019\/11\/cq5dam.thumbnail.cropped.750.422.jpeg\"><img loading=\"lazy\" decoding=\"async\" class=\"aligncenter size-full wp-image-334858\" src=\"https:\/\/hashtag.al\/wp-content\/uploads\/2019\/11\/cq5dam.thumbnail.cropped.750.422.jpeg\" alt=\"\" width=\"750\" height=\"422\" srcset=\"https:\/\/www.hashtag.al\/wp-content\/uploads\/2019\/11\/cq5dam.thumbnail.cropped.750.422.jpeg 750w, https:\/\/www.hashtag.al\/wp-content\/uploads\/2019\/11\/cq5dam.thumbnail.cropped.750.422-300x169.jpeg 300w\" sizes=\"auto, (max-width: 750px) 100vw, 750px\" \/><\/a><\/p>\n","protected":false,"gt_translate_keys":[{"key":"rendered","format":"html"}]},"excerpt":{"rendered":"<p>Si\u00e7 \u00ebsht\u00eb b\u00ebr\u00eb zakon, 3 vjet nga krijimi i Dit\u00ebs Bot\u00ebrore t\u00eb t\u00eb Varf\u00ebrve, Papa Fran\u00e7esku shtroi t\u00eb diel\u00ebn pas mesh\u00ebs n\u00eb Sh\u00ebn Pjet\u00ebr nj\u00eb drek\u00eb p\u00ebr rreth 1500 njer\u00ebz t\u00eb varf\u00ebr. Pasi festoi mesh\u00ebn p\u00ebr t\u00eb varf\u00ebrit n\u00eb Bazilik\u00ebn e Sh\u00ebn Pjetrit, Papa vuri n\u00eb dukje statistikat n\u00eb lidhje me varf\u00ebrin\u00eb dhe indiferenc\u00ebn e [&hellip;]<\/p>\n","protected":false,"gt_translate_keys":[{"key":"rendered","format":"html"}]},"author":30,"featured_media":334856,"comment_status":"open","ping_status":"open","sticky":false,"template":"","format":"standard","meta":{"footnotes":""},"categories":[6,13],"tags":[],"class_list":["post-334854","post","type-post","status-publish","format-standard","has-post-thumbnail","hentry","category-nderkombetare","category-te-fundit"],"gt_translate_keys":[{"key":"link","format":"url"}],"_links":{"self":[{"href":"https:\/\/www.hashtag.al\/index.php\/wp-json\/wp\/v2\/posts\/334854","targetHints":{"allow":["GET"]}}],"collection":[{"href":"https:\/\/www.hashtag.al\/index.php\/wp-json\/wp\/v2\/posts"}],"about":[{"href":"https:\/\/www.hashtag.al\/index.php\/wp-json\/wp\/v2\/types\/post"}],"author":[{"embeddable":true,"href":"https:\/\/www.hashtag.al\/index.php\/wp-json\/wp\/v2\/users\/30"}],"replies":[{"embeddable":true,"href":"https:\/\/www.hashtag.al\/index.php\/wp-json\/wp\/v2\/comments?post=334854"}],"version-history":[{"count":0,"href":"https:\/\/www.hashtag.al\/index.php\/wp-json\/wp\/v2\/posts\/334854\/revisions"}],"wp:featuredmedia":[{"embeddable":true,"href":"https:\/\/www.hashtag.al\/index.php\/wp-json\/wp\/v2\/media\/334856"}],"wp:attachment":[{"href":"https:\/\/www.hashtag.al\/index.php\/wp-json\/wp\/v2\/media?parent=334854"}],"wp:term":[{"taxonomy":"category","embeddable":true,"href":"https:\/\/www.hashtag.al\/index.php\/wp-json\/wp\/v2\/categories?post=334854"},{"taxonomy":"post_tag","embeddable":true,"href":"https:\/\/www.hashtag.al\/index.php\/wp-json\/wp\/v2\/tags?post=334854"}],"curies":[{"name":"wp","href":"https:\/\/api.w.org\/{rel}","templated":true}]}}