{"id":334660,"date":"2019-11-17T15:18:54","date_gmt":"2019-11-17T14:18:54","guid":{"rendered":"https:\/\/hashtag.al\/?p=334660"},"modified":"2019-11-17T15:21:30","modified_gmt":"2019-11-17T14:21:30","slug":"po-raportonte-protesten-gazetari-palestinez-humb-njerin-sy-kujdes-pamje-te-renda","status":"publish","type":"post","link":"https:\/\/www.hashtag.al\/index.php\/2019\/11\/17\/po-raportonte-protesten-gazetari-palestinez-humb-njerin-sy-kujdes-pamje-te-renda\/","title":{"rendered":"Po raportonte protest\u00ebn, gazetari palestinez humb nj\u00ebrin sy (Kujdes pamje t\u00eb r\u00ebnda)","gt_translate_keys":[{"key":"rendered","format":"text"}]},"content":{"rendered":"<p><a href=\"https:\/\/hashtag.al\/wp-content\/uploads\/2019\/11\/gazetari-3.jpg\"><img loading=\"lazy\" decoding=\"async\" class=\"aligncenter size-full wp-image-334661\" src=\"https:\/\/hashtag.al\/wp-content\/uploads\/2019\/11\/gazetari-3.jpg\" alt=\"\" width=\"980\" height=\"551\" srcset=\"https:\/\/www.hashtag.al\/wp-content\/uploads\/2019\/11\/gazetari-3.jpg 980w, https:\/\/www.hashtag.al\/wp-content\/uploads\/2019\/11\/gazetari-3-300x169.jpg 300w, https:\/\/www.hashtag.al\/wp-content\/uploads\/2019\/11\/gazetari-3-768x432.jpg 768w\" sizes=\"auto, (max-width: 980px) 100vw, 980px\" \/><\/a><\/p>\n<p><span style=\"color: #000000;\">Nj\u00eb gazetar palestinez ka humbur nj\u00ebrin sy pasi u godit nga nj\u00eb plumb gome. Moath Amarneh u gjymtua pavar\u00ebsisht se kishte veshur nj\u00eb jelek mbrojt\u00ebs, nd\u00ebrsa mbulonte nj\u00eb protest\u00eb n\u00eb Bregun Per\u00ebndimor.<\/span><\/p>\n<p><span style=\"color: #000000;\">Incidenti ndodhi t\u00eb premten n\u00eb af\u00ebrsi t\u00eb qytetit Surif n\u00eb Hebron, ku dhjet\u00ebra palestinez\u00eb po protestonin kund\u00ebr konfiskimit t\u00eb tok\u00ebs p\u00ebr nd\u00ebrtimin e vendbanimeve izraelite n\u00eb territorin e okupuar.<\/span><\/p>\n<p><span style=\"color: #000000;\">Amarneh, i cila po raportonte mbi protest\u00ebn, u d\u00ebrgua n\u00eb nj\u00eb spital n\u00eb Hebron. Por mjek\u00ebt nuk mund\u00ebn dot t\u00eb shp\u00ebtonin syrin e tij t\u00eb majt\u00eb.<\/span><\/p>\n<p><span style=\"color: #000000;\">&#8220;<span style=\"color: #0000ff;\"><a style=\"color: #0000ff;\" href=\"https:\/\/www.rt.com\/news\/473607-journalist-eye-israeli-bullet\/\">RT<\/a><\/span>&#8221; shkruan se pas plagosjes s\u00eb tij, nis\u00ebn spekulimet n\u00ebse ai ishte v\u00ebn\u00eb n\u00eb sh\u00ebnjest\u00ebr nga ushtar\u00ebt q\u00ebllimshmisht.<\/span><\/p>\n<p><span style=\"color: #000000;\">Incidenti \u00ebsht\u00eb d\u00ebnuar nga Federata Nd\u00ebrkomb\u00ebtare e Gazetar\u00ebve (IFJ).<\/span><\/p>\n<p><span style=\"color: #000000;\"><em>\u201cEdhe nj\u00eb her\u00eb, IFJ d\u00ebshmon p\u00ebr sulmet ndaj gazetar\u00ebve palestinez\u00eb nga ushtria izraelite. IFJ kujton se e drejta nd\u00ebrkomb\u00ebtare zbatohet kudo dhe se asnj\u00eb qeveri nuk \u00ebsht\u00eb mbi t\u00eb&#8221;<\/em>&#8211; tha kreu i organizat\u00ebs Anthony Bellanger n\u00eb nj\u00eb deklarat\u00eb.<\/span><\/p>\n<p><iframe loading=\"lazy\" style=\"border: none; overflow: hidden;\" src=\"https:\/\/www.facebook.com\/plugins\/video.php?href=https%3A%2F%2Fwww.facebook.com%2Fyounes.arar%2Fvideos%2F10159098667705760%2F&amp;show_text=0&amp;width=560\" width=\"560\" height=\"311\" frameborder=\"0\" scrolling=\"no\" allowfullscreen=\"allowfullscreen\"><\/iframe><\/p>\n","protected":false,"gt_translate_keys":[{"key":"rendered","format":"html"}]},"excerpt":{"rendered":"<p>Nj\u00eb gazetar palestinez ka humbur nj\u00ebrin sy pasi u godit nga nj\u00eb plumb gome. Moath Amarneh u gjymtua pavar\u00ebsisht se kishte veshur nj\u00eb jelek mbrojt\u00ebs, nd\u00ebrsa mbulonte nj\u00eb protest\u00eb n\u00eb Bregun Per\u00ebndimor. Incidenti ndodhi t\u00eb premten n\u00eb af\u00ebrsi t\u00eb qytetit Surif n\u00eb Hebron, ku dhjet\u00ebra palestinez\u00eb po protestonin kund\u00ebr konfiskimit t\u00eb tok\u00ebs p\u00ebr nd\u00ebrtimin e [&hellip;]<\/p>\n","protected":false,"gt_translate_keys":[{"key":"rendered","format":"html"}]},"author":30,"featured_media":334663,"comment_status":"open","ping_status":"open","sticky":false,"template":"","format":"standard","meta":{"footnotes":""},"categories":[6],"tags":[],"class_list":["post-334660","post","type-post","status-publish","format-standard","has-post-thumbnail","hentry","category-nderkombetare"],"gt_translate_keys":[{"key":"link","format":"url"}],"_links":{"self":[{"href":"https:\/\/www.hashtag.al\/index.php\/wp-json\/wp\/v2\/posts\/334660","targetHints":{"allow":["GET"]}}],"collection":[{"href":"https:\/\/www.hashtag.al\/index.php\/wp-json\/wp\/v2\/posts"}],"about":[{"href":"https:\/\/www.hashtag.al\/index.php\/wp-json\/wp\/v2\/types\/post"}],"author":[{"embeddable":true,"href":"https:\/\/www.hashtag.al\/index.php\/wp-json\/wp\/v2\/users\/30"}],"replies":[{"embeddable":true,"href":"https:\/\/www.hashtag.al\/index.php\/wp-json\/wp\/v2\/comments?post=334660"}],"version-history":[{"count":0,"href":"https:\/\/www.hashtag.al\/index.php\/wp-json\/wp\/v2\/posts\/334660\/revisions"}],"wp:featuredmedia":[{"embeddable":true,"href":"https:\/\/www.hashtag.al\/index.php\/wp-json\/wp\/v2\/media\/334663"}],"wp:attachment":[{"href":"https:\/\/www.hashtag.al\/index.php\/wp-json\/wp\/v2\/media?parent=334660"}],"wp:term":[{"taxonomy":"category","embeddable":true,"href":"https:\/\/www.hashtag.al\/index.php\/wp-json\/wp\/v2\/categories?post=334660"},{"taxonomy":"post_tag","embeddable":true,"href":"https:\/\/www.hashtag.al\/index.php\/wp-json\/wp\/v2\/tags?post=334660"}],"curies":[{"name":"wp","href":"https:\/\/api.w.org\/{rel}","templated":true}]}}