{"id":334652,"date":"2019-11-17T14:39:49","date_gmt":"2019-11-17T13:39:49","guid":{"rendered":"https:\/\/hashtag.al\/?p=334652"},"modified":"2019-11-17T14:41:06","modified_gmt":"2019-11-17T13:41:06","slug":"ariana-grande-ben-fansat-merak-jam-semure-mund-te-anuloj-shfaqjet","status":"publish","type":"post","link":"https:\/\/www.hashtag.al\/index.php\/2019\/11\/17\/ariana-grande-ben-fansat-merak-jam-semure-mund-te-anuloj-shfaqjet\/","title":{"rendered":"Ariana Grande b\u00ebn fansat merak: Jam s\u00ebmur\u00eb, mund t\u00eb anuloj shfaqjet","gt_translate_keys":[{"key":"rendered","format":"text"}]},"content":{"rendered":"<p><a href=\"https:\/\/hashtag.al\/wp-content\/uploads\/2019\/11\/ari.jpg\"><img loading=\"lazy\" decoding=\"async\" class=\"aligncenter size-full wp-image-334653\" src=\"https:\/\/hashtag.al\/wp-content\/uploads\/2019\/11\/ari.jpg\" alt=\"\" width=\"620\" height=\"349\" srcset=\"https:\/\/www.hashtag.al\/wp-content\/uploads\/2019\/11\/ari.jpg 620w, https:\/\/www.hashtag.al\/wp-content\/uploads\/2019\/11\/ari-300x169.jpg 300w\" sizes=\"auto, (max-width: 620px) 100vw, 620px\" \/><\/a><\/p>\n<p><span style=\"color: #000000;\">Ariana Grande i ka b\u00ebr\u00eb merak fansat e saj, pasi ka zbuluar se \u00ebsht\u00eb s\u00ebmur\u00eb dhe mbase do t\u00eb detyrohet t\u00eb anuloj\u00eb shfaqjet e ardhshme.<\/span><\/p>\n<p><span style=\"color: #000000;\"><em>&#8220;Jam s\u00ebmur\u00eb q\u00eb nga shfaqja e fundit n\u00eb Lond\u00ebr. Nuk e di se si \u00ebsht\u00eb e mundur, por fyti dhe koka ime jan\u00eb akoma n\u00eb kaq shum\u00eb dhimbje. Un\u00eb ting\u00eblloj mir\u00eb, jam vet\u00ebm me shum\u00eb dhimbje dhe kam v\u00ebshtir\u00ebsi t\u00eb marr frym\u00eb gjat\u00eb shfaqjes. Un\u00eb thjesht nuk e di se \u00e7far\u00eb po ndodh me trupin tim tani dhe duhet ta kuptoj. \u201d-<\/em> tha Ariana.<\/span><\/p>\n<p><span style=\"color: #000000;\">Ajo konfirmoi se do t\u00eb shoh\u00eb nj\u00eb mjek p\u00ebr ta ndihmuar t\u00eb kuptoj\u00eb at\u00eb q\u00eb po i ndodh dhe t\u00eb gjej\u00eb nj\u00eb m\u00ebnyr\u00eb p\u00ebr t&#8217;u ndier m\u00eb mir\u00eb.<\/span><\/p>\n<p><span style=\"color: #000000;\">Ariana Grande ka qen\u00eb n\u00eb tur q\u00eb prej 9 n\u00ebntorit, por mesa duket mund t\u00eb anuloj\u00eb pjes\u00ebn tjet\u00ebr t\u00eb shfaqjeve t\u00eb saj.<\/span><\/p>\n<p><span style=\"color: #000000;\"><em>&#8221; Un\u00eb nuk dua q\u00eb ndokush t\u00eb ndihet keq nes\u00ebr n\u00ebse nuk do t\u00eb mund ta b\u00ebj shfaqjen &#8220;<\/em>&#8211; tha ajo.<\/span><\/p>\n<p><span style=\"color: #000000;\">K\u00ebng\u00ebtarja \u00ebsht\u00eb nominuar p\u00ebr disa \u00e7mime t\u00eb r\u00ebnd\u00ebsishme n\u00eb ceremonin\u00eb e AMA-s q\u00eb mbahet m\u00eb 24 n\u00ebntor n\u00eb Teatrin Microsoft n\u00eb Los Angeles.<\/span><\/p>\n<p><span style=\"color: #000000;\">Mes tyre p\u00ebrmendim \u00e7mimin p\u00ebr Artistin e Vitit, Turneun e Vitit, dhe p\u00ebr Videon e Preferuar p\u00ebr &#8220;7 Rings&#8221;.<\/span><\/p>\n<p><a href=\"https:\/\/hashtag.al\/wp-content\/uploads\/2019\/11\/ariana.jpg\"><img loading=\"lazy\" decoding=\"async\" class=\"aligncenter size-full wp-image-334654\" src=\"https:\/\/hashtag.al\/wp-content\/uploads\/2019\/11\/ariana.jpg\" alt=\"\" width=\"620\" height=\"682\" srcset=\"https:\/\/www.hashtag.al\/wp-content\/uploads\/2019\/11\/ariana.jpg 620w, https:\/\/www.hashtag.al\/wp-content\/uploads\/2019\/11\/ariana-273x300.jpg 273w\" sizes=\"auto, (max-width: 620px) 100vw, 620px\" \/><\/a><\/p>\n","protected":false,"gt_translate_keys":[{"key":"rendered","format":"html"}]},"excerpt":{"rendered":"<p>Ariana Grande i ka b\u00ebr\u00eb merak fansat e saj, pasi ka zbuluar se \u00ebsht\u00eb s\u00ebmur\u00eb dhe mbase do t\u00eb detyrohet t\u00eb anuloj\u00eb shfaqjet e ardhshme. &#8220;Jam s\u00ebmur\u00eb q\u00eb nga shfaqja e fundit n\u00eb Lond\u00ebr. Nuk e di se si \u00ebsht\u00eb e mundur, por fyti dhe koka ime jan\u00eb akoma n\u00eb kaq shum\u00eb dhimbje. Un\u00eb ting\u00eblloj [&hellip;]<\/p>\n","protected":false,"gt_translate_keys":[{"key":"rendered","format":"html"}]},"author":30,"featured_media":334653,"comment_status":"open","ping_status":"open","sticky":false,"template":"","format":"standard","meta":{"footnotes":""},"categories":[53],"tags":[],"class_list":["post-334652","post","type-post","status-publish","format-standard","has-post-thumbnail","hentry","category-fast-foodi"],"gt_translate_keys":[{"key":"link","format":"url"}],"_links":{"self":[{"href":"https:\/\/www.hashtag.al\/index.php\/wp-json\/wp\/v2\/posts\/334652","targetHints":{"allow":["GET"]}}],"collection":[{"href":"https:\/\/www.hashtag.al\/index.php\/wp-json\/wp\/v2\/posts"}],"about":[{"href":"https:\/\/www.hashtag.al\/index.php\/wp-json\/wp\/v2\/types\/post"}],"author":[{"embeddable":true,"href":"https:\/\/www.hashtag.al\/index.php\/wp-json\/wp\/v2\/users\/30"}],"replies":[{"embeddable":true,"href":"https:\/\/www.hashtag.al\/index.php\/wp-json\/wp\/v2\/comments?post=334652"}],"version-history":[{"count":0,"href":"https:\/\/www.hashtag.al\/index.php\/wp-json\/wp\/v2\/posts\/334652\/revisions"}],"wp:featuredmedia":[{"embeddable":true,"href":"https:\/\/www.hashtag.al\/index.php\/wp-json\/wp\/v2\/media\/334653"}],"wp:attachment":[{"href":"https:\/\/www.hashtag.al\/index.php\/wp-json\/wp\/v2\/media?parent=334652"}],"wp:term":[{"taxonomy":"category","embeddable":true,"href":"https:\/\/www.hashtag.al\/index.php\/wp-json\/wp\/v2\/categories?post=334652"},{"taxonomy":"post_tag","embeddable":true,"href":"https:\/\/www.hashtag.al\/index.php\/wp-json\/wp\/v2\/tags?post=334652"}],"curies":[{"name":"wp","href":"https:\/\/api.w.org\/{rel}","templated":true}]}}