{"id":334647,"date":"2019-11-17T14:20:34","date_gmt":"2019-11-17T13:20:34","guid":{"rendered":"https:\/\/hashtag.al\/?p=334647"},"modified":"2019-11-17T14:24:32","modified_gmt":"2019-11-17T13:24:32","slug":"me-veshje-si-police-arrestohen-per-droge-5-persona-ne-korce-video","status":"publish","type":"post","link":"https:\/\/www.hashtag.al\/index.php\/2019\/11\/17\/me-veshje-si-police-arrestohen-per-droge-5-persona-ne-korce-video\/","title":{"rendered":"Me veshje si polic\u00eb, arrestohen p\u00ebr drog\u00eb 5 persona n\u00eb Kor\u00e7\u00eb (VIDEO)","gt_translate_keys":[{"key":"rendered","format":"text"}]},"content":{"rendered":"<p><a href=\"https:\/\/hashtag.al\/wp-content\/uploads\/2019\/11\/police.jpg\"><img loading=\"lazy\" decoding=\"async\" class=\"aligncenter size-full wp-image-334648\" src=\"https:\/\/hashtag.al\/wp-content\/uploads\/2019\/11\/police.jpg\" alt=\"\" width=\"1285\" height=\"663\" srcset=\"https:\/\/www.hashtag.al\/wp-content\/uploads\/2019\/11\/police.jpg 1285w, https:\/\/www.hashtag.al\/wp-content\/uploads\/2019\/11\/police-300x155.jpg 300w, https:\/\/www.hashtag.al\/wp-content\/uploads\/2019\/11\/police-768x396.jpg 768w, https:\/\/www.hashtag.al\/wp-content\/uploads\/2019\/11\/police-1024x528.jpg 1024w\" sizes=\"auto, (max-width: 1285px) 100vw, 1285px\" \/><\/a><\/p>\n<p><span style=\"color: #000000;\">5 persona jan\u00eb arrestuar dhe dy t\u00eb tjer\u00eb jan\u00eb shpallur n\u00eb k\u00ebrkim, pas nj\u00eb operacioni t\u00eb policia s\u00eb Kor\u00e7\u00ebs t\u00eb realizuar n\u00eb bashk\u00ebpunim me Policin\u00eb kufitare dhe sh\u00ebrbimet Frontex.<\/span><\/p>\n<p><span style=\"color: #000000;\">T\u00eb dyshuarit e moshave nga 23-36-vje\u00e7, akuzohen p\u00ebr trafik t\u00eb l\u00ebnd\u00ebve narkotike. Ata mbanin veshur rroba me mbishkrimin &#8220;Policia&#8221; nga pas, kur po tentonin sipas uniformave blu t\u00eb trafikonin kanabis p\u00ebrmes kufirit t\u00eb gjelb\u00ebr, n\u00eb fshatin Kuril\u00eb, n\u00eb Devoll.<\/span><\/p>\n<p><span style=\"color: #000000;\">\u00a0Uniformat blu kan\u00eb sekuestruar nj\u00eb sasi prej 37.5 kilogram\u00eb kanabis, tre automjete t\u00eb p\u00ebrdorura ngat\u00eb dyshuarit dhe rreth 18.550 Euro, si dhe veshje me mbishkrimin \u201cPolicia\u201de aparate celular\u00eb.<\/span><\/p>\n<p><strong><span style=\"color: #000000;\">Detajet e policis\u00eb:<\/span><\/strong><\/p>\n<p><span style=\"color: #000000;\">Finalizohet me sukses operacioni antidrog\u00eb i koduar \u201cKurila\u201d.<\/span><\/p>\n<p><span style=\"color: #000000;\">Goditet nj\u00eb rast i tentativ\u00ebs s\u00eb trafikimit nd\u00ebrkomb\u00ebtar t\u00eb l\u00ebnd\u00ebve narkotike.<\/span><\/p>\n<p><span style=\"color: #000000;\">Arrestohen n\u00eb flagranc\u00eb 5 shtetas dhe 2 t\u00eb tjer\u00eb shpallen n\u00eb k\u00ebrkim.<\/span><\/p>\n<p><span style=\"color: #000000;\">Sekuestrohen 37,5 kg l\u00ebnd\u00eb e dyshuar narkotike kanabis, 18.550 Euro, veshje me mbishkrimin \u201cPolicia\u201d, si dhe tre automjete.<\/span><\/p>\n<p><span style=\"color: #000000;\">Strukturat e Drejtoris\u00eb Vendore t\u00eb Policis\u00eb Kor\u00e7\u00eb, n\u00eb bashk\u00ebpunim me Drejtorin\u00eb Vendore t\u00eb Kufirit dhe Migracionit Kor\u00e7\u00eb dhe sh\u00ebrbimet Frontex, n\u00ebn drejtimin e Prokuroris\u00eb t\u00eb Rrethit Gjyq\u00ebsor Kor\u00e7\u00eb, pas nj\u00eb hetimi nj\u00eb mujor si edhe fal\u00eb veprimeve t\u00eb mir\u00eborganizuara, kan\u00eb goditur nj\u00eb rast t\u00eb tentativ\u00ebs s\u00eb trafikimit nd\u00ebrkomb\u00ebtar t\u00eb l\u00ebnd\u00ebve narkotike, duke finalizuar me sukses operacionin e koduar \u201cKurila\u201d, si rezultat i t\u00eb cilit u arrestuan n\u00eb flagranc\u00eb shtetasit:<\/span><\/p>\n<p><span style=\"color: #000000;\">M.Z, 28 vje\u00e7, banues n\u00eb Kor\u00e7\u00eb.<\/span><\/p>\n<p><span style=\"color: #000000;\">A.K, 30 vje\u00e7, banues n\u00eb Kor\u00e7\u00eb.<\/span><\/p>\n<p><span style=\"color: #000000;\">K.N, 28 vje\u00e7, banues n\u00eb fshatin Drenov\u00eb, Kor\u00e7\u00eb.<\/span><\/p>\n<p><span style=\"color: #000000;\">B.D, 36 vje\u00e7, banues n\u00eb Kor\u00e7\u00eb.<\/span><\/p>\n<p><span style=\"color: #000000;\">D.P, 26 vje\u00e7, banues n\u00eb Elbasan.<\/span><\/p>\n<p><span style=\"color: #000000;\">Si edhe u shpall\u00ebn n\u00eb k\u00ebrkim shtetasit:<\/span><\/p>\n<p><span style=\"color: #000000;\">R.T, 23 vje\u00e7, banues n\u00eb fshatin Plas\u00eb, Maliq (i d\u00ebnuar m\u00eb par\u00eb p\u00ebr \u201cVjedhje\u201d).<\/span><\/p>\n<p><span style=\"color: #000000;\">M.Z, 31 vje\u00e7, banues n\u00eb fshatin Morav\u00eb, Kor\u00e7\u00eb, i d\u00ebnuar m\u00eb par\u00eb p\u00ebr \u201cProdhim dhe arm\u00ebmbajtje pa leje\u201d).<\/span><\/p>\n<p><span style=\"color: #000000;\">Shtetasit e lartp\u00ebrmendur n\u00eb bashk\u00ebpunim me nj\u00ebri-tjetrin, kan\u00eb tentuar t\u00eb trafikojn\u00eb 37.5 kg l\u00ebnd\u00eb t\u00eb dyshuar narkotike kanabis, duke u veshur me veshje t\u00eb cilat mbanin mbishkrimin \u201cPolicia\u201d, p\u00ebr ta pasur m\u00eb t\u00eb leht\u00eb kalimin e sasis\u00eb s\u00eb drog\u00ebs n\u00ebp\u00ebrmjet kufirit t\u00eb gjelb\u00ebr, n\u00eb fshatin Kuril\u00eb, Devoll.<\/span><\/p>\n<p><span style=\"color: #000000;\">N\u00eb cil\u00ebsin\u00eb e prov\u00ebs materiale jan\u00eb sekuestruar sasia prej 37,5 kg l\u00ebnd\u00eb e dyshuar narkotike kanabis, tre automjete t\u00eb p\u00ebrdorura nga autor\u00ebt e dyshuar n\u00eb pron\u00ebsi t\u00eb shtetasve D.P; M.Z., dhe B.D; nj\u00eb sasi lek\u00ebsh, 18.550 Euro, veshje me mbishkrimin \u201cPolicia\u201d dhe aparate celular\u00eb.<\/span><\/p>\n<p><span style=\"color: #000000;\">Po vijon puna p\u00ebr kapjen e shtetasve R.T, dhe M.Z, p\u00ebr dokumentimin e plot\u00eb t\u00eb ngjarjes, si edhe vendosjen p\u00ebrpara p\u00ebrgjegj\u00ebsis\u00eb ligjore t\u00eb personave t\u00eb tjer\u00eb, t\u00eb dyshuar si bashk\u00ebpun\u00ebtor\u00eb n\u00eb k\u00ebt\u00eb aktivitet kriminal.<\/span><\/p>\n<p><span style=\"color: #000000;\">Materialet n\u00eb ngarkim t\u00eb tyre i kaluan Prokuroris\u00eb pran\u00eb Gjykat\u00ebs s\u00eb Shkall\u00ebs s\u00eb Par\u00eb Kor\u00e7\u00eb p\u00ebr vepr\u00ebn penale \u201cTrafikimi i narkotik\u00ebve, kryer n\u00eb bashk\u00ebpunim\u201d, e ngelur n\u00eb tentativ\u00eb dhe \u201cP\u00ebrvet\u00ebsimi i titullit apo i detyr\u00ebs shtet\u00ebrore\u201d.<\/span><\/p>\n<p><iframe loading=\"lazy\" style=\"border: none; overflow: hidden;\" src=\"https:\/\/www.facebook.com\/plugins\/video.php?href=https%3A%2F%2Fwww.facebook.com%2F1502420603377639%2Fvideos%2F451987232120371%2F&amp;show_text=0&amp;width=560\" width=\"560\" height=\"308\" frameborder=\"0\" scrolling=\"no\" allowfullscreen=\"allowfullscreen\"><\/iframe><\/p>\n","protected":false,"gt_translate_keys":[{"key":"rendered","format":"html"}]},"excerpt":{"rendered":"<p>5 persona jan\u00eb arrestuar dhe dy t\u00eb tjer\u00eb jan\u00eb shpallur n\u00eb k\u00ebrkim, pas nj\u00eb operacioni t\u00eb policia s\u00eb Kor\u00e7\u00ebs t\u00eb realizuar n\u00eb bashk\u00ebpunim me Policin\u00eb kufitare dhe sh\u00ebrbimet Frontex. T\u00eb dyshuarit e moshave nga 23-36-vje\u00e7, akuzohen p\u00ebr trafik t\u00eb l\u00ebnd\u00ebve narkotike. Ata mbanin veshur rroba me mbishkrimin &#8220;Policia&#8221; nga pas, kur po tentonin sipas uniformave [&hellip;]<\/p>\n","protected":false,"gt_translate_keys":[{"key":"rendered","format":"html"}]},"author":30,"featured_media":334648,"comment_status":"open","ping_status":"open","sticky":false,"template":"","format":"standard","meta":{"footnotes":""},"categories":[65,13],"tags":[],"class_list":["post-334647","post","type-post","status-publish","format-standard","has-post-thumbnail","hentry","category-lajme","category-te-fundit"],"gt_translate_keys":[{"key":"link","format":"url"}],"_links":{"self":[{"href":"https:\/\/www.hashtag.al\/index.php\/wp-json\/wp\/v2\/posts\/334647","targetHints":{"allow":["GET"]}}],"collection":[{"href":"https:\/\/www.hashtag.al\/index.php\/wp-json\/wp\/v2\/posts"}],"about":[{"href":"https:\/\/www.hashtag.al\/index.php\/wp-json\/wp\/v2\/types\/post"}],"author":[{"embeddable":true,"href":"https:\/\/www.hashtag.al\/index.php\/wp-json\/wp\/v2\/users\/30"}],"replies":[{"embeddable":true,"href":"https:\/\/www.hashtag.al\/index.php\/wp-json\/wp\/v2\/comments?post=334647"}],"version-history":[{"count":0,"href":"https:\/\/www.hashtag.al\/index.php\/wp-json\/wp\/v2\/posts\/334647\/revisions"}],"wp:featuredmedia":[{"embeddable":true,"href":"https:\/\/www.hashtag.al\/index.php\/wp-json\/wp\/v2\/media\/334648"}],"wp:attachment":[{"href":"https:\/\/www.hashtag.al\/index.php\/wp-json\/wp\/v2\/media?parent=334647"}],"wp:term":[{"taxonomy":"category","embeddable":true,"href":"https:\/\/www.hashtag.al\/index.php\/wp-json\/wp\/v2\/categories?post=334647"},{"taxonomy":"post_tag","embeddable":true,"href":"https:\/\/www.hashtag.al\/index.php\/wp-json\/wp\/v2\/tags?post=334647"}],"curies":[{"name":"wp","href":"https:\/\/api.w.org\/{rel}","templated":true}]}}