{"id":334459,"date":"2019-11-16T15:00:30","date_gmt":"2019-11-16T14:00:30","guid":{"rendered":"https:\/\/hashtag.al\/?p=334459"},"modified":"2019-11-16T15:24:05","modified_gmt":"2019-11-16T14:24:05","slug":"vokshi-qindra-femije-dy-muaj-pa-mesim-prova-per-perurimin-e-stadiumit-me-kulle","status":"publish","type":"post","link":"https:\/\/www.hashtag.al\/index.php\/2019\/11\/16\/vokshi-qindra-femije-dy-muaj-pa-mesim-prova-per-perurimin-e-stadiumit-me-kulle\/","title":{"rendered":"Vokshi: Qindra f\u00ebmij\u00eb dy muaj pa m\u00ebsim, prova p\u00ebr p\u00ebrurimin e \u201cstadiumit me kull\u00eb\u201d","gt_translate_keys":[{"key":"rendered","format":"text"}]},"content":{"rendered":"<p><img loading=\"lazy\" decoding=\"async\" class=\"aligncenter size-full wp-image-334460\" src=\"https:\/\/hashtag.al\/wp-content\/uploads\/2019\/11\/75354851_10157886654844429_1292917703081721856_o.jpg\" alt=\"\" width=\"960\" height=\"720\" srcset=\"https:\/\/www.hashtag.al\/wp-content\/uploads\/2019\/11\/75354851_10157886654844429_1292917703081721856_o.jpg 960w, https:\/\/www.hashtag.al\/wp-content\/uploads\/2019\/11\/75354851_10157886654844429_1292917703081721856_o-300x225.jpg 300w, https:\/\/www.hashtag.al\/wp-content\/uploads\/2019\/11\/75354851_10157886654844429_1292917703081721856_o-768x576.jpg 768w\" sizes=\"auto, (max-width: 960px) 100vw, 960px\" \/><\/p>\n<p><span style=\"color: #000000;\">Ish-deputetja e Partis\u00eb Demokratike Albana Vokshi, n\u00ebp\u00ebrmjet nj\u00eb video ka deklaruar se qindra f\u00ebmij\u00eb t\u00eb shkollave t\u00eb Tiran\u00ebs jan\u00eb detyruar t\u00eb marrin pjes\u00eb n\u00eb provat p\u00ebr p\u00ebrurimin e \u201cstadiumit me kull\u00eb\u201d<\/span><\/p>\n<p><span style=\"color: #000000;\">Vokshi e quan k\u00ebt\u00eb situat\u00eb \u201cm\u00eb keq se n\u00eb Kin\u00eb\u201d duke shtuar m\u00eb tej se f\u00ebmij\u00ebt nuk b\u00ebjn\u00eb m\u00ebsim prej dy muajsh p\u00ebr t\u00eb shkuar n\u00eb prova.<\/span><\/p>\n<p><span style=\"color: #000000;\">\u201c<em>Pamjet n\u00eb video jan\u00eb xhiruar 3-4 dit\u00eb m\u00eb par\u00eb, n\u00eb or\u00ebn 9 t\u00eb m\u00ebngjesit. N\u00eb vend q\u00eb t\u00eb shkojn\u00eb n\u00eb shkoll\u00eb p\u00ebr t\u00eb m\u00ebsuar historin\u00eb, gjeografin\u00eb, gjuh\u00ebn shqipe, fizik\u00ebn apo kimin\u00eb, f\u00ebmij\u00ebt m\u00ebsohen t\u00eb k\u00ebrcejn\u00eb p\u00ebr t\u00eb mbushur propagand\u00ebn e Edi Ram\u00ebs me spektak\u00ebl rinor<\/em>\u201d-shkruan Vokshi.<\/span><\/p>\n<p><span style=\"color: #000000;\"><strong>Postimi i plot\u00eb:<\/strong><\/span><\/p>\n<p><span style=\"color: #000000;\">M\u00eb keq se n\u00eb Kin\u00eb&#8230;<\/span><\/p>\n<p><span style=\"color: #000000;\">Qindra f\u00ebmij\u00eb nga disa shkolla t\u00eb Tiran\u00ebs, D\u00ebshmor\u00ebt e Liris\u00eb, Emin Duraku, Edith Durham, Vasil Shanto, Shkolla Baletit nuk b\u00ebjn\u00eb m\u00ebsim prej dy muajsh. Ata jan\u00eb t\u00eb detyruar t\u00eb marrin pjes\u00eb n\u00eb provat e ceremonis\u00eb s\u00eb p\u00ebrurimit t\u00eb projektit korruptiv t\u00eb familjes kryeministrore, stadiumit me kull\u00eb.<\/span><\/p>\n<p><span style=\"color: #000000;\">Pamjet n\u00eb video jan\u00eb xhiruar 3-4 dit\u00eb m\u00eb par\u00eb, n\u00eb or\u00ebn 9 t\u00eb m\u00ebngjesit. N\u00eb vend q\u00eb t\u00eb shkojn\u00eb n\u00eb shkoll\u00eb p\u00ebr t\u00eb m\u00ebsuar historin\u00eb, gjeografin\u00eb, gjuh\u00ebn shqipe, fizik\u00ebn apo kimin\u00eb, f\u00ebmij\u00ebt m\u00ebsohen t\u00eb k\u00ebrcejn\u00eb p\u00ebr t\u00eb mbushur propagand\u00ebn e Edi Ram\u00ebs me spektak\u00ebl rinor.<\/span><\/p>\n<p><span style=\"color: #000000;\">F\u00ebmij\u00ebt detyrohen ta b\u00ebjn\u00eb k\u00ebt\u00eb q\u00eb prej tetorit, pa i pyetur njeri, n\u00ebse \u00ebsht\u00eb shi apo \u00ebsht\u00eb diell, n\u00ebse \u00ebsht\u00eb ngroht\u00eb apo \u00ebsht\u00eb ftoht\u00eb.<\/span><\/p>\n<p><span style=\"color: #000000;\">\u00cbsht\u00eb p\u00ebr t\u2019u shqet\u00ebsuar q\u00eb m\u00ebsuesit nuk kan\u00eb b\u00ebr\u00eb asnj\u00eb ankes\u00eb p\u00ebr k\u00ebt\u00eb shfryt\u00ebzim qeveritar t\u00eb f\u00ebmij\u00ebve, duke lejuar shkeljen e t\u00eb drejtave t\u00eb f\u00ebmij\u00ebve p\u00ebr arsimim.<\/span><\/p>\n<p><span style=\"color: #000000;\">K\u00ebto video e foto t\u00eb shfryt\u00ebzimit t\u00eb f\u00ebmij\u00ebve si n\u00eb spektaklet kineze komuniste \u00ebsht\u00eb nj\u00eb arsye m\u00eb shum\u00eb p\u00ebr t\u2019i dh\u00ebn\u00eb fund k\u00ebsaj qeverie, q\u00eb u mbyll goj\u00ebn m\u00ebsuesve me nj\u00eb k\u00ebrc\u00ebnim p\u00ebr largim nga puna dhe q\u00eb vendos sistemin e arsimit n\u00eb sh\u00ebrbimin e propagand\u00ebs p\u00ebr t\u00eb mbuluar vjedhjen dhe korrupsionin qeveritar.<\/span><\/p>\n<div style=\"width: 400px;\" class=\"wp-video\"><video class=\"wp-video-shortcode\" id=\"video-334459-1\" width=\"400\" height=\"220\" preload=\"metadata\" controls=\"controls\"><source type=\"video\/mp4\" src=\"https:\/\/hashtag.al\/wp-content\/uploads\/2019\/11\/Albana-Vokshi.mp4?_=1\" \/><a href=\"https:\/\/hashtag.al\/wp-content\/uploads\/2019\/11\/Albana-Vokshi.mp4\">https:\/\/hashtag.al\/wp-content\/uploads\/2019\/11\/Albana-Vokshi.mp4<\/a><\/video><\/div>\n<p><iframe loading=\"lazy\" style=\"border: none; overflow: hidden;\" src=\"https:\/\/www.facebook.com\/plugins\/post.php?href=https%3A%2F%2Fwww.facebook.com%2Fpermalink.php%3Fstory_fbid%3D10157886657869429%26id%3D559294428&amp;width=500\" width=\"500\" height=\"795\" frameborder=\"0\" scrolling=\"no\"><\/iframe><\/p>\n","protected":false,"gt_translate_keys":[{"key":"rendered","format":"html"}]},"excerpt":{"rendered":"<p>Ish-deputetja e Partis\u00eb Demokratike Albana Vokshi, n\u00ebp\u00ebrmjet nj\u00eb video ka deklaruar se qindra f\u00ebmij\u00eb t\u00eb shkollave t\u00eb Tiran\u00ebs jan\u00eb detyruar t\u00eb marrin pjes\u00eb n\u00eb provat p\u00ebr p\u00ebrurimin e \u201cstadiumit me kull\u00eb\u201d Vokshi e quan k\u00ebt\u00eb situat\u00eb \u201cm\u00eb keq se n\u00eb Kin\u00eb\u201d duke shtuar m\u00eb tej se f\u00ebmij\u00ebt nuk b\u00ebjn\u00eb m\u00ebsim prej dy muajsh p\u00ebr t\u00eb [&hellip;]<\/p>\n","protected":false,"gt_translate_keys":[{"key":"rendered","format":"html"}]},"author":32,"featured_media":334460,"comment_status":"open","ping_status":"open","sticky":false,"template":"","format":"standard","meta":{"footnotes":""},"categories":[65,13],"tags":[],"class_list":["post-334459","post","type-post","status-publish","format-standard","has-post-thumbnail","hentry","category-lajme","category-te-fundit"],"gt_translate_keys":[{"key":"link","format":"url"}],"_links":{"self":[{"href":"https:\/\/www.hashtag.al\/index.php\/wp-json\/wp\/v2\/posts\/334459","targetHints":{"allow":["GET"]}}],"collection":[{"href":"https:\/\/www.hashtag.al\/index.php\/wp-json\/wp\/v2\/posts"}],"about":[{"href":"https:\/\/www.hashtag.al\/index.php\/wp-json\/wp\/v2\/types\/post"}],"author":[{"embeddable":true,"href":"https:\/\/www.hashtag.al\/index.php\/wp-json\/wp\/v2\/users\/32"}],"replies":[{"embeddable":true,"href":"https:\/\/www.hashtag.al\/index.php\/wp-json\/wp\/v2\/comments?post=334459"}],"version-history":[{"count":0,"href":"https:\/\/www.hashtag.al\/index.php\/wp-json\/wp\/v2\/posts\/334459\/revisions"}],"wp:featuredmedia":[{"embeddable":true,"href":"https:\/\/www.hashtag.al\/index.php\/wp-json\/wp\/v2\/media\/334460"}],"wp:attachment":[{"href":"https:\/\/www.hashtag.al\/index.php\/wp-json\/wp\/v2\/media?parent=334459"}],"wp:term":[{"taxonomy":"category","embeddable":true,"href":"https:\/\/www.hashtag.al\/index.php\/wp-json\/wp\/v2\/categories?post=334459"},{"taxonomy":"post_tag","embeddable":true,"href":"https:\/\/www.hashtag.al\/index.php\/wp-json\/wp\/v2\/tags?post=334459"}],"curies":[{"name":"wp","href":"https:\/\/api.w.org\/{rel}","templated":true}]}}