{"id":334274,"date":"2019-11-15T12:02:36","date_gmt":"2019-11-15T11:02:36","guid":{"rendered":"https:\/\/hashtag.al\/?p=334274"},"modified":"2019-11-15T12:03:38","modified_gmt":"2019-11-15T11:03:38","slug":"brace-per-meten-me-qejf-cdo-berber-mund-ta-shperndaje-parlamentin","status":"publish","type":"post","link":"https:\/\/www.hashtag.al\/index.php\/2019\/11\/15\/brace-per-meten-me-qejf-cdo-berber-mund-ta-shperndaje-parlamentin\/","title":{"rendered":"Bra\u00e7e p\u00ebr Met\u00ebn: Me qejf \u00e7do berber mund ta shp\u00ebrndaj\u00eb parlamentin","gt_translate_keys":[{"key":"rendered","format":"text"}]},"content":{"rendered":"<p><a href=\"https:\/\/hashtag.al\/wp-content\/uploads\/2019\/11\/brace-780x405.jpg\"><img loading=\"lazy\" decoding=\"async\" class=\"aligncenter size-full wp-image-334275\" src=\"https:\/\/hashtag.al\/wp-content\/uploads\/2019\/11\/brace-780x405.jpg\" alt=\"\" width=\"780\" height=\"405\" srcset=\"https:\/\/www.hashtag.al\/wp-content\/uploads\/2019\/11\/brace-780x405.jpg 780w, https:\/\/www.hashtag.al\/wp-content\/uploads\/2019\/11\/brace-780x405-300x156.jpg 300w, https:\/\/www.hashtag.al\/wp-content\/uploads\/2019\/11\/brace-780x405-768x399.jpg 768w\" sizes=\"auto, (max-width: 780px) 100vw, 780px\" \/><\/a><\/p>\n<p><span style=\"color: #000000;\">Z\u00ebvend\u00ebskryeministri Erion Bra\u00e7e ka reaguar lidhur me deklaratat e forta t\u00eb presidentit Ilir Meta, i cili paralajm\u00ebroi sot se mund t\u00eb shp\u00ebrndante Kuvendin.<\/span><\/p>\n<p><span style=\"color: #000000;\">Bra\u00e7e tha se Kuvendin mund t\u00eb dal\u00eb dhe ta shp\u00ebrndaj\u00eb \u00e7do berber, duke u p\u00ebrpjekur t\u00eb ironizoj\u00eb presidentin.<\/span><\/p>\n<p><em><span style=\"color: #000000;\">\u201cMe qejf \u00e7do berber n\u00eb Shqip\u00ebri mund t\u00eb dal\u00eb dhe t\u00eb shp\u00ebrndaj\u00eb Kuvendin. Hyni lexoni Kushtetut\u00ebn dhe shikoni n\u00ebse ka t\u00eb drejt\u00eb apo jo.\u00a0<\/span><\/em><\/p>\n<p><em><span style=\"color: #000000;\">Kam p\u00ebrshtypje se ju mediat i jeni referuar dje kryetares s\u00eb dhom\u00ebs s\u00eb noterve, e cila e ka konsideruar proces ligjor at\u00eb q\u00eb \u00ebsht\u00eb zhvilluar, nuk ka ndonj\u00eb shkelje ligji.\u00a0<\/span><\/em><\/p>\n<p><span style=\"color: #000000;\"><em>E dyta noteria ka nj\u00eb ligj, dhe n\u00eb asnj\u00eb rast n\u00eb bot\u00eb nuk \u00ebsht\u00eb parukeri, Kushtetuta ka th\u00ebn\u00eb q\u00eb i kat\u00ebrti nuk b\u00ebhet dot i pari, ka ndodhur nj\u00eb akt antikushtetues\u201d<\/em>, u shpreh Bra\u00e7e.<\/span><\/p>\n<p><span style=\"color: #000000;\">Kujtojm\u00eb se kur e zgjedhura e KED-s\u00eb, Arta Vorpsi, b\u00ebri dje betimin tek nj\u00eb notere, Z\u00ebdh\u00ebn\u00ebsi i presidentit, Tedi Blushi tha se Meta nuk pengonte ask\u00ebnd t\u00eb betohet qoft\u00eb dhe te parukierja.<\/span><\/p>\n","protected":false,"gt_translate_keys":[{"key":"rendered","format":"html"}]},"excerpt":{"rendered":"<p>Z\u00ebvend\u00ebskryeministri Erion Bra\u00e7e ka reaguar lidhur me deklaratat e forta t\u00eb presidentit Ilir Meta, i cili paralajm\u00ebroi sot se mund t\u00eb shp\u00ebrndante Kuvendin. Bra\u00e7e tha se Kuvendin mund t\u00eb dal\u00eb dhe ta shp\u00ebrndaj\u00eb \u00e7do berber, duke u p\u00ebrpjekur t\u00eb ironizoj\u00eb presidentin. \u201cMe qejf \u00e7do berber n\u00eb Shqip\u00ebri mund t\u00eb dal\u00eb dhe t\u00eb shp\u00ebrndaj\u00eb Kuvendin. Hyni [&hellip;]<\/p>\n","protected":false,"gt_translate_keys":[{"key":"rendered","format":"html"}]},"author":30,"featured_media":334275,"comment_status":"open","ping_status":"open","sticky":false,"template":"","format":"standard","meta":{"footnotes":""},"categories":[65,13],"tags":[],"class_list":["post-334274","post","type-post","status-publish","format-standard","has-post-thumbnail","hentry","category-lajme","category-te-fundit"],"gt_translate_keys":[{"key":"link","format":"url"}],"_links":{"self":[{"href":"https:\/\/www.hashtag.al\/index.php\/wp-json\/wp\/v2\/posts\/334274","targetHints":{"allow":["GET"]}}],"collection":[{"href":"https:\/\/www.hashtag.al\/index.php\/wp-json\/wp\/v2\/posts"}],"about":[{"href":"https:\/\/www.hashtag.al\/index.php\/wp-json\/wp\/v2\/types\/post"}],"author":[{"embeddable":true,"href":"https:\/\/www.hashtag.al\/index.php\/wp-json\/wp\/v2\/users\/30"}],"replies":[{"embeddable":true,"href":"https:\/\/www.hashtag.al\/index.php\/wp-json\/wp\/v2\/comments?post=334274"}],"version-history":[{"count":0,"href":"https:\/\/www.hashtag.al\/index.php\/wp-json\/wp\/v2\/posts\/334274\/revisions"}],"wp:featuredmedia":[{"embeddable":true,"href":"https:\/\/www.hashtag.al\/index.php\/wp-json\/wp\/v2\/media\/334275"}],"wp:attachment":[{"href":"https:\/\/www.hashtag.al\/index.php\/wp-json\/wp\/v2\/media?parent=334274"}],"wp:term":[{"taxonomy":"category","embeddable":true,"href":"https:\/\/www.hashtag.al\/index.php\/wp-json\/wp\/v2\/categories?post=334274"},{"taxonomy":"post_tag","embeddable":true,"href":"https:\/\/www.hashtag.al\/index.php\/wp-json\/wp\/v2\/tags?post=334274"}],"curies":[{"name":"wp","href":"https:\/\/api.w.org\/{rel}","templated":true}]}}