{"id":334268,"date":"2019-11-15T11:44:52","date_gmt":"2019-11-15T10:44:52","guid":{"rendered":"https:\/\/hashtag.al\/?p=334268"},"modified":"2019-11-15T11:53:50","modified_gmt":"2019-11-15T10:53:50","slug":"meta-paralajmeron-konference-te-jashtezakonshme-sot-ne-1400","status":"publish","type":"post","link":"https:\/\/www.hashtag.al\/index.php\/2019\/11\/15\/meta-paralajmeron-konference-te-jashtezakonshme-sot-ne-1400\/","title":{"rendered":"Meta paralajm\u00ebron konferenc\u00eb t\u00eb Jasht\u00ebzakonshme sot n\u00eb 14:00","gt_translate_keys":[{"key":"rendered","format":"text"}]},"content":{"rendered":"<p><a href=\"https:\/\/hashtag.al\/wp-content\/uploads\/2019\/10\/ilir-meta.jpg\"><img loading=\"lazy\" decoding=\"async\" class=\"aligncenter size-full wp-image-329770\" src=\"https:\/\/hashtag.al\/wp-content\/uploads\/2019\/10\/ilir-meta.jpg\" alt=\"\" width=\"1280\" height=\"853\" srcset=\"https:\/\/www.hashtag.al\/wp-content\/uploads\/2019\/10\/ilir-meta.jpg 1280w, https:\/\/www.hashtag.al\/wp-content\/uploads\/2019\/10\/ilir-meta-300x200.jpg 300w, https:\/\/www.hashtag.al\/wp-content\/uploads\/2019\/10\/ilir-meta-768x512.jpg 768w, https:\/\/www.hashtag.al\/wp-content\/uploads\/2019\/10\/ilir-meta-1024x682.jpg 1024w\" sizes=\"auto, (max-width: 1280px) 100vw, 1280px\" \/><\/a><\/p>\n<p><span style=\"color: #000000;\">Z\u00ebdh\u00ebn\u00ebsi i Presidentit t\u00eb Republik\u00ebs, Tedi Blushi ka njoftuar se sot n\u00eb or\u00ebn 14:00, presidenti Ilir Meta do t\u00eb dal\u00eb n\u00eb nj\u00eb konferenc\u00eb t\u00eb jasht\u00ebzakonshme p\u00ebr shtyp.<\/span><\/p>\n<p><span style=\"color: #000000;\"><em>\u201cPresidenti i Republik\u00ebs Sh.T.Z Ilir Meta n\u00eb ora 14:00 n\u00eb konferenc\u00eb t\u00eb jasht\u00ebzakonshme p\u00ebr shtyp!\u201c<\/em>,\u00a0shkruan Blushi.<\/span><\/p>\n<p><span style=\"color: #000000;\">Mes presidentit dhe KED-s\u00eb dit\u00ebt e fundit ka patur nj\u00eb p\u00ebrplasje lidhur me em\u00ebrimin e an\u00ebtar\u00ebve t\u00eb gjykat\u00ebs Kushtetuese, ku sot jan\u00eb paraqitur n\u00eb Gjykat\u00ebn Kushtuetuese, dy an\u00ebtare p\u00ebr nj\u00eb vend, Arta Vorpsi dhe Marsida Xhaferllari.<\/span><\/p>\n<p><span style=\"color: #000000;\"> M\u00eb her\u00ebt Meta tha se po afron dita e referendumit dhe paralajm\u00ebroi q\u00eb askush t\u00eb mos p\u00ebrdhos\u00eb Gjykat\u00ebn Kushtetuese. Ai tha se do t\u2019i drejtohet popullit p\u00ebr t\u00eb mbrojtur demokracin\u00eb nd\u00ebrsa paralajm\u00ebroi gjithashtu se Kuvendi mund t\u00eb shp\u00ebrndahet me nj\u00eb dekret.<\/span><\/p>\n<p><span style=\"color: #000000;\"><em>\u201cParlamenti, me nj\u00eb dekret shp\u00ebrndahet, qeveria me mocion mosbesimi rr\u00ebzohet, presidenti me nj\u00eb impeachment nga nj\u00eb parlament legjitim, jo nga ky\u2026p\u00ebrs\u00ebri shkarkohet nga Gjykata Kushtetuese. N\u00ebse dikush mendon se angazhimet e mia kan\u00eb qen\u00eb ceremoniale do t\u2019i b\u00ebj t\u00eb qart\u00eb se kjo \u00ebsht\u00eb Kushtetut\u00eb q\u00eb mbron popullin dhe do t\u00eb jet\u00eb detyr\u00eb e popullit dhe e Presidentit t\u2019i tregojn\u00eb vendin k\u00ebsaj bande uzurpatore.<\/em><\/span><\/p>\n<p><span style=\"color: #000000;\"><em>Besoj se jam shum\u00eb i qart\u00eb, secili t\u00eb zbatoj\u00eb kompetencat e veta, veprimet do t\u00eb vazhdojn\u00eb t\u00eb jen\u00eb nga presidenti institucionale, dhe n\u00eb momentin e duhur presidenti do t\u2019i drejtohet popullit dhe gjith\u00eb bot\u00ebs p\u00ebr t\u00eb mbrojtur demokracin\u00eb q\u00eb \u00ebsht\u00eb dhunuar n\u00eb m\u00ebnyr\u00ebn m\u00eb barbare sidomos k\u00ebto 2 vite kur \u00ebsht\u00eb l\u00ebn\u00eb q\u00ebllimisht pa gjykat\u00eb Kushtetuese. I uroj suksese an\u00ebtar\u00ebve t\u00eb rinj t\u00eb Gjykat\u00ebs Kushtetuese\u201d<\/em>, tha Meta para nisjes s\u00eb Forumit Rajonal p\u00ebr Barazin\u00eb Gjinore, ku \u00ebsht\u00eb i pranish\u00ebm. <strong>\/Hashtag.al<\/strong><\/span><\/p>\n","protected":false,"gt_translate_keys":[{"key":"rendered","format":"html"}]},"excerpt":{"rendered":"<p>Z\u00ebdh\u00ebn\u00ebsi i Presidentit t\u00eb Republik\u00ebs, Tedi Blushi ka njoftuar se sot n\u00eb or\u00ebn 14:00, presidenti Ilir Meta do t\u00eb dal\u00eb n\u00eb nj\u00eb konferenc\u00eb t\u00eb jasht\u00ebzakonshme p\u00ebr shtyp. \u201cPresidenti i Republik\u00ebs Sh.T.Z Ilir Meta n\u00eb ora 14:00 n\u00eb konferenc\u00eb t\u00eb jasht\u00ebzakonshme p\u00ebr shtyp!\u201c,\u00a0shkruan Blushi. Mes presidentit dhe KED-s\u00eb dit\u00ebt e fundit ka patur nj\u00eb p\u00ebrplasje lidhur [&hellip;]<\/p>\n","protected":false,"gt_translate_keys":[{"key":"rendered","format":"html"}]},"author":30,"featured_media":329770,"comment_status":"open","ping_status":"open","sticky":false,"template":"","format":"standard","meta":{"footnotes":""},"categories":[22,65,13],"tags":[],"class_list":["post-334268","post","type-post","status-publish","format-standard","has-post-thumbnail","hentry","category-ballina","category-lajme","category-te-fundit"],"gt_translate_keys":[{"key":"link","format":"url"}],"_links":{"self":[{"href":"https:\/\/www.hashtag.al\/index.php\/wp-json\/wp\/v2\/posts\/334268","targetHints":{"allow":["GET"]}}],"collection":[{"href":"https:\/\/www.hashtag.al\/index.php\/wp-json\/wp\/v2\/posts"}],"about":[{"href":"https:\/\/www.hashtag.al\/index.php\/wp-json\/wp\/v2\/types\/post"}],"author":[{"embeddable":true,"href":"https:\/\/www.hashtag.al\/index.php\/wp-json\/wp\/v2\/users\/30"}],"replies":[{"embeddable":true,"href":"https:\/\/www.hashtag.al\/index.php\/wp-json\/wp\/v2\/comments?post=334268"}],"version-history":[{"count":0,"href":"https:\/\/www.hashtag.al\/index.php\/wp-json\/wp\/v2\/posts\/334268\/revisions"}],"wp:featuredmedia":[{"embeddable":true,"href":"https:\/\/www.hashtag.al\/index.php\/wp-json\/wp\/v2\/media\/329770"}],"wp:attachment":[{"href":"https:\/\/www.hashtag.al\/index.php\/wp-json\/wp\/v2\/media?parent=334268"}],"wp:term":[{"taxonomy":"category","embeddable":true,"href":"https:\/\/www.hashtag.al\/index.php\/wp-json\/wp\/v2\/categories?post=334268"},{"taxonomy":"post_tag","embeddable":true,"href":"https:\/\/www.hashtag.al\/index.php\/wp-json\/wp\/v2\/tags?post=334268"}],"curies":[{"name":"wp","href":"https:\/\/api.w.org\/{rel}","templated":true}]}}