{"id":334251,"date":"2019-11-15T11:10:25","date_gmt":"2019-11-15T10:10:25","guid":{"rendered":"https:\/\/hashtag.al\/?p=334251"},"modified":"2019-11-15T11:11:30","modified_gmt":"2019-11-15T10:11:30","slug":"aksident-i-frikshem-ne-itali-humb-jeten-26-vjecari-shqiptar","status":"publish","type":"post","link":"https:\/\/www.hashtag.al\/index.php\/2019\/11\/15\/aksident-i-frikshem-ne-itali-humb-jeten-26-vjecari-shqiptar\/","title":{"rendered":"Aksident i friksh\u00ebm n\u00eb Itali, humb jet\u00ebn 26-vje\u00e7ari shqiptar","gt_translate_keys":[{"key":"rendered","format":"text"}]},"content":{"rendered":"<p><a href=\"https:\/\/hashtag.al\/wp-content\/uploads\/2019\/11\/FotoIncidenteUsmate1.jpg\"><img loading=\"lazy\" decoding=\"async\" class=\"aligncenter size-full wp-image-334253\" src=\"https:\/\/hashtag.al\/wp-content\/uploads\/2019\/11\/FotoIncidenteUsmate1.jpg\" alt=\"\" width=\"640\" height=\"426\" srcset=\"https:\/\/www.hashtag.al\/wp-content\/uploads\/2019\/11\/FotoIncidenteUsmate1.jpg 640w, https:\/\/www.hashtag.al\/wp-content\/uploads\/2019\/11\/FotoIncidenteUsmate1-300x200.jpg 300w\" sizes=\"auto, (max-width: 640px) 100vw, 640px\" \/><\/a><\/p>\n<p><span style=\"color: #000000;\">Nj\u00eb 26-vje\u00e7ar shqiptar ka humbur jet\u00ebn n\u00eb nj\u00eb aksident n\u00eb Itali. Mediet e shtetit fqinj shkruajn\u00eb se aksidenti ka ndodhur mbr\u00ebmjen e t\u00eb enjtes.<\/span><\/p>\n<p><span style=\"color: #000000;\">Makina me t\u00eb cil\u00ebn po udh\u00ebtonte i riu shqiptar, tip Lancia Y, u p\u00ebrplas kok\u00eb m\u00eb kok\u00eb me nj\u00eb Volkswagen Up, q\u00eb drejtohej nga nj\u00eb 21-vje\u00e7ar. Aksidenti rezultoi fatal p\u00ebr 26 vje\u00e7arin shqiptar, t\u00eb quajtur Jetmir Isufi. I riu u nis me urgjenc\u00eb drejt spitalit t\u00eb Vimercate por q\u00eb nuk mundi t\u2019iu dot shp\u00ebtonte plag\u00ebve. <span style=\"color: #0000ff;\"><a style=\"color: #0000ff;\" href=\"https:\/\/www.merateonline.it\/articolo.php?idd=94952&amp;origine=1&amp;t=Merate%3A+Jetmir+Isufi%2C+26+anni+di+origine+albanese%2C+la+vittima+dell%27incidente+in+tangenziale.+Resta+grave+il+21enne+di+Arcore+\">Mediat<\/a> <\/span>e shtetit fqinj shkruajn\u00eb se ai jetonte prej vitesh n\u00eb Merate.<\/span><\/p>\n<p><span style=\"color: #000000;\">Djali tjet\u00ebr gjithashtu u d\u00ebrgua n\u00eb gjendje t\u00eb r\u00ebnd\u00eb n\u00eb spitalin San Gerardo n\u00eb Monza, por gjendja e tij u stabilizua gjat\u00eb nat\u00ebs dhe u shpall jasht\u00eb rrezikut p\u00ebr jet\u00ebn.<\/span><\/p>\n<p><span style=\"color: #000000;\">Si\u00e7 shihet n\u00eb fotografit\u00eb e m\u00ebposhtme, p\u00ebrplasja mes dy makinave ishte aq e fort\u00eb saq\u00eb ato jan\u00eb shkat\u00ebrruar plot\u00ebsisht.<\/span><\/p>\n<p><a href=\"https:\/\/hashtag.al\/wp-content\/uploads\/2019\/11\/Incidente-mortale-a-Usmate-Velate-Foto-bennati-9.jpeg\"><img loading=\"lazy\" decoding=\"async\" class=\"aligncenter size-full wp-image-334252\" src=\"https:\/\/hashtag.al\/wp-content\/uploads\/2019\/11\/Incidente-mortale-a-Usmate-Velate-Foto-bennati-9.jpeg\" alt=\"\" width=\"1200\" height=\"661\" srcset=\"https:\/\/www.hashtag.al\/wp-content\/uploads\/2019\/11\/Incidente-mortale-a-Usmate-Velate-Foto-bennati-9.jpeg 1200w, https:\/\/www.hashtag.al\/wp-content\/uploads\/2019\/11\/Incidente-mortale-a-Usmate-Velate-Foto-bennati-9-300x165.jpeg 300w, https:\/\/www.hashtag.al\/wp-content\/uploads\/2019\/11\/Incidente-mortale-a-Usmate-Velate-Foto-bennati-9-768x423.jpeg 768w, https:\/\/www.hashtag.al\/wp-content\/uploads\/2019\/11\/Incidente-mortale-a-Usmate-Velate-Foto-bennati-9-1024x564.jpeg 1024w\" sizes=\"auto, (max-width: 1200px) 100vw, 1200px\" \/><\/a><a href=\"https:\/\/hashtag.al\/wp-content\/uploads\/2019\/11\/FotoIncidenteUsmate2.jpg\"><img loading=\"lazy\" decoding=\"async\" class=\"aligncenter size-full wp-image-334254\" src=\"https:\/\/hashtag.al\/wp-content\/uploads\/2019\/11\/FotoIncidenteUsmate2.jpg\" alt=\"\" width=\"640\" height=\"426\" srcset=\"https:\/\/www.hashtag.al\/wp-content\/uploads\/2019\/11\/FotoIncidenteUsmate2.jpg 640w, https:\/\/www.hashtag.al\/wp-content\/uploads\/2019\/11\/FotoIncidenteUsmate2-300x200.jpg 300w\" sizes=\"auto, (max-width: 640px) 100vw, 640px\" \/><\/a> <a href=\"https:\/\/hashtag.al\/wp-content\/uploads\/2019\/11\/FotoIncidenteUsmate3.jpg\"><img loading=\"lazy\" decoding=\"async\" class=\"aligncenter size-full wp-image-334255\" src=\"https:\/\/hashtag.al\/wp-content\/uploads\/2019\/11\/FotoIncidenteUsmate3.jpg\" alt=\"\" width=\"640\" height=\"426\" srcset=\"https:\/\/www.hashtag.al\/wp-content\/uploads\/2019\/11\/FotoIncidenteUsmate3.jpg 640w, https:\/\/www.hashtag.al\/wp-content\/uploads\/2019\/11\/FotoIncidenteUsmate3-300x200.jpg 300w\" sizes=\"auto, (max-width: 640px) 100vw, 640px\" \/><\/a> <a href=\"https:\/\/hashtag.al\/wp-content\/uploads\/2019\/11\/FotoIncidenteUsmate4.jpg\"><img loading=\"lazy\" decoding=\"async\" class=\"aligncenter size-full wp-image-334256\" src=\"https:\/\/hashtag.al\/wp-content\/uploads\/2019\/11\/FotoIncidenteUsmate4.jpg\" alt=\"\" width=\"640\" height=\"426\" srcset=\"https:\/\/www.hashtag.al\/wp-content\/uploads\/2019\/11\/FotoIncidenteUsmate4.jpg 640w, https:\/\/www.hashtag.al\/wp-content\/uploads\/2019\/11\/FotoIncidenteUsmate4-300x200.jpg 300w\" sizes=\"auto, (max-width: 640px) 100vw, 640px\" \/><\/a><\/p>\n","protected":false,"gt_translate_keys":[{"key":"rendered","format":"html"}]},"excerpt":{"rendered":"<p>Nj\u00eb 26-vje\u00e7ar shqiptar ka humbur jet\u00ebn n\u00eb nj\u00eb aksident n\u00eb Itali. Mediet e shtetit fqinj shkruajn\u00eb se aksidenti ka ndodhur mbr\u00ebmjen e t\u00eb enjtes. Makina me t\u00eb cil\u00ebn po udh\u00ebtonte i riu shqiptar, tip Lancia Y, u p\u00ebrplas kok\u00eb m\u00eb kok\u00eb me nj\u00eb Volkswagen Up, q\u00eb drejtohej nga nj\u00eb 21-vje\u00e7ar. Aksidenti rezultoi fatal p\u00ebr 26 [&hellip;]<\/p>\n","protected":false,"gt_translate_keys":[{"key":"rendered","format":"html"}]},"author":30,"featured_media":334253,"comment_status":"open","ping_status":"open","sticky":false,"template":"","format":"standard","meta":{"footnotes":""},"categories":[65,13],"tags":[],"class_list":["post-334251","post","type-post","status-publish","format-standard","has-post-thumbnail","hentry","category-lajme","category-te-fundit"],"gt_translate_keys":[{"key":"link","format":"url"}],"_links":{"self":[{"href":"https:\/\/www.hashtag.al\/index.php\/wp-json\/wp\/v2\/posts\/334251","targetHints":{"allow":["GET"]}}],"collection":[{"href":"https:\/\/www.hashtag.al\/index.php\/wp-json\/wp\/v2\/posts"}],"about":[{"href":"https:\/\/www.hashtag.al\/index.php\/wp-json\/wp\/v2\/types\/post"}],"author":[{"embeddable":true,"href":"https:\/\/www.hashtag.al\/index.php\/wp-json\/wp\/v2\/users\/30"}],"replies":[{"embeddable":true,"href":"https:\/\/www.hashtag.al\/index.php\/wp-json\/wp\/v2\/comments?post=334251"}],"version-history":[{"count":0,"href":"https:\/\/www.hashtag.al\/index.php\/wp-json\/wp\/v2\/posts\/334251\/revisions"}],"wp:featuredmedia":[{"embeddable":true,"href":"https:\/\/www.hashtag.al\/index.php\/wp-json\/wp\/v2\/media\/334253"}],"wp:attachment":[{"href":"https:\/\/www.hashtag.al\/index.php\/wp-json\/wp\/v2\/media?parent=334251"}],"wp:term":[{"taxonomy":"category","embeddable":true,"href":"https:\/\/www.hashtag.al\/index.php\/wp-json\/wp\/v2\/categories?post=334251"},{"taxonomy":"post_tag","embeddable":true,"href":"https:\/\/www.hashtag.al\/index.php\/wp-json\/wp\/v2\/tags?post=334251"}],"curies":[{"name":"wp","href":"https:\/\/api.w.org\/{rel}","templated":true}]}}