{"id":334243,"date":"2019-11-15T10:53:24","date_gmt":"2019-11-15T09:53:24","guid":{"rendered":"https:\/\/hashtag.al\/?p=334243"},"modified":"2019-11-15T12:05:43","modified_gmt":"2019-11-15T11:05:43","slug":"paralajmerimi-i-fundit-i-metes-referendumi-po-afron-parlamenti-shperndahet-me-nje-dekret","status":"publish","type":"post","link":"https:\/\/www.hashtag.al\/index.php\/2019\/11\/15\/paralajmerimi-i-fundit-i-metes-referendumi-po-afron-parlamenti-shperndahet-me-nje-dekret\/","title":{"rendered":"Paralajm\u00ebrimi i fundit i Met\u00ebs: Referendumi po afron, Parlamenti shp\u00ebrndahet me nj\u00eb dekret","gt_translate_keys":[{"key":"rendered","format":"text"}]},"content":{"rendered":"<p><a href=\"https:\/\/hashtag.al\/wp-content\/uploads\/2019\/11\/meta.jpg\"><img loading=\"lazy\" decoding=\"async\" class=\"aligncenter size-full wp-image-334244\" src=\"https:\/\/hashtag.al\/wp-content\/uploads\/2019\/11\/meta.jpg\" alt=\"\" width=\"780\" height=\"440\" srcset=\"https:\/\/www.hashtag.al\/wp-content\/uploads\/2019\/11\/meta.jpg 780w, https:\/\/www.hashtag.al\/wp-content\/uploads\/2019\/11\/meta-300x169.jpg 300w, https:\/\/www.hashtag.al\/wp-content\/uploads\/2019\/11\/meta-768x433.jpg 768w\" sizes=\"auto, (max-width: 780px) 100vw, 780px\" \/><\/a><\/p>\n<p><span style=\"color: #000000;\">Presidenti i vendit Ilit Meta ka deklaruar se po afron dita e referendumit dhe ka paralajm\u00ebruar q\u00eb askush t\u00eb mos p\u00ebrdhos\u00eb Gjykat\u00ebn Kushtetuese. Ai tha se do t&#8217;i drejtohet popullit p\u00ebr t\u00eb mbrojtur demokracin\u00eb nd\u00ebrsa la t\u00eb mendohet se po konsideron shp\u00ebrndarjen e Parlamentit.<\/span><\/p>\n<p><em><span style=\"color: #000000;\">&#8220;\u00cbsht\u00eb t\u00ebr\u00ebsisht e zgjidhur. P\u00ebr t\u00eb gjith\u00eb ata q\u00eb din\u00eb t\u00eb lexojn\u00eb kushtetut\u00ebn dhe meq\u00ebn\u00ebse po afron 22 n\u00ebntori, dita kur populli votoi me referendum kushtetut\u00ebn, dhe k\u00ebto parime t\u00eb Kushtetut\u00ebs q\u00eb jan\u00eb edhe sot t\u00eb sanksionuara pavar\u00ebsisht nga deformimin e pandershme q\u00eb jan\u00eb b\u00ebr\u00eb n\u00eb pabesi ndaj vullnetit t\u00eb popullit shqiptar gjat\u00eb k\u00ebtyre 21 viteve, kam nj\u00eb paralajm\u00ebrim t\u00eb fundit p\u00ebr ata q\u00eb mendojn\u00eb se betimi i Met\u00ebs me dor\u00ebn mbi kushtetut\u00eb si president ka qen\u00eb nj\u00eb proces formal apo ceremonial. Nuk ka institucion m\u00eb t\u00eb r\u00ebnd\u00ebsish\u00ebm n\u00eb Shqip\u00ebri se Kushtetuta e cila ka vet\u00ebm nj\u00eb garant t\u00eb pacenuesh\u00ebm q\u00eb \u00ebsht\u00eb Gjykata Kushtetuese. P\u00ebrpjekjet p\u00ebr t\u00eb dhunuar Kushtetut\u00ebn, n\u00eb p\u00ebrpjekje p\u00ebr t\u00eb kapur p\u00ebrfundimisht gjith\u00eb sistemin e drejt\u00ebsis\u00eb n\u00eb Shqip\u00ebri, me kapjen e Gjykat\u00ebs Kushtetuese, jan\u00eb t\u00eb d\u00ebshtuara, jan\u00eb t\u00eb vdekura. Askush t\u00eb mos guxoj\u00eb t\u00eb p\u00ebrdhos\u00eb Gjykat\u00ebn Kushtetuese. Parlamenti, me nj\u00eb dekret shp\u00ebrndarhet, qeveria me mocion mosbesimi rr\u00ebzohet, presidenti me nj\u00eb impeachment nga nj\u00eb parlament legjitim, jo nga ky&#8230;p\u00ebrs\u00ebri shkarkohet nga Gjykata Kushtetuese. N\u00ebse dikush mendon se angazhimet e mia kan\u00eb qen\u00eb ceremoniale do t&#8217;i b\u00ebj t\u00eb qart\u00eb se kjo \u00ebsht\u00eb Kushtetut\u00eb q\u00eb mbron popullin dhe do t\u00eb jet\u00eb detyr\u00eb e popullit dhe e Presidentit t&#8217;i tregojn\u00eb vendin k\u00ebsaj bande uzurpatore.<\/span><\/em><\/p>\n<p><span style=\"color: #000000;\"><em>Besoj se jam shum\u00eb i qart\u00eb, secili t\u00eb zbatoj\u00eb kompetencat e veta, veprimet do t\u00eb vazhdojn\u00eb t\u00eb jen\u00eb nga presidenti institucionale, dhe n\u00eb momentin e duhur presidenti do t&#8217;i drejtohet popullit dhe gjith\u00eb bot\u00ebs p\u00ebr t\u00eb mbrojtur demokracin\u00eb q\u00eb \u00ebsht\u00eb dhunuar n\u00eb m\u00ebnyr\u00ebn m\u00eb barbare sidomos k\u00ebto 2 vite kur \u00ebsht\u00eb l\u00ebn\u00eb q\u00ebllimisht pa gjykat\u00eb Kushtetuese. I uroj suksese an\u00ebtar\u00ebve t\u00eb rinj t\u00eb Gjykat\u00ebs Kushtetuese&#8221;<\/em>, tha Meta.<\/span><\/p>\n<p><span style=\"color: #000000;\">K\u00ebt\u00eb deklarat\u00eb, Meta e ka b\u00ebr\u00eb n\u00eb Forumin Rajonal p\u00ebr Barazin\u00eb Gjinore, ku \u00ebsht\u00eb i pranish\u00ebm. Mes presidentit dhe KED dit\u00ebt e fundit ka patur nj\u00eb p\u00ebrplasje lidhur me em\u00ebrimin e an\u00ebtar\u00ebve t\u00eb gjykat\u00ebs Kushtetuese.<strong>\/Hashtag.al<\/strong><\/span><\/p>\n","protected":false,"gt_translate_keys":[{"key":"rendered","format":"html"}]},"excerpt":{"rendered":"<p>Presidenti i vendit Ilit Meta ka deklaruar se po afron dita e referendumit dhe ka paralajm\u00ebruar q\u00eb askush t\u00eb mos p\u00ebrdhos\u00eb Gjykat\u00ebn Kushtetuese. Ai tha se do t&#8217;i drejtohet popullit p\u00ebr t\u00eb mbrojtur demokracin\u00eb nd\u00ebrsa la t\u00eb mendohet se po konsideron shp\u00ebrndarjen e Parlamentit. &#8220;\u00cbsht\u00eb t\u00ebr\u00ebsisht e zgjidhur. P\u00ebr t\u00eb gjith\u00eb ata q\u00eb din\u00eb t\u00eb [&hellip;]<\/p>\n","protected":false,"gt_translate_keys":[{"key":"rendered","format":"html"}]},"author":30,"featured_media":334244,"comment_status":"open","ping_status":"open","sticky":false,"template":"","format":"standard","meta":{"footnotes":""},"categories":[22,65,13],"tags":[],"class_list":["post-334243","post","type-post","status-publish","format-standard","has-post-thumbnail","hentry","category-ballina","category-lajme","category-te-fundit"],"gt_translate_keys":[{"key":"link","format":"url"}],"_links":{"self":[{"href":"https:\/\/www.hashtag.al\/index.php\/wp-json\/wp\/v2\/posts\/334243","targetHints":{"allow":["GET"]}}],"collection":[{"href":"https:\/\/www.hashtag.al\/index.php\/wp-json\/wp\/v2\/posts"}],"about":[{"href":"https:\/\/www.hashtag.al\/index.php\/wp-json\/wp\/v2\/types\/post"}],"author":[{"embeddable":true,"href":"https:\/\/www.hashtag.al\/index.php\/wp-json\/wp\/v2\/users\/30"}],"replies":[{"embeddable":true,"href":"https:\/\/www.hashtag.al\/index.php\/wp-json\/wp\/v2\/comments?post=334243"}],"version-history":[{"count":0,"href":"https:\/\/www.hashtag.al\/index.php\/wp-json\/wp\/v2\/posts\/334243\/revisions"}],"wp:featuredmedia":[{"embeddable":true,"href":"https:\/\/www.hashtag.al\/index.php\/wp-json\/wp\/v2\/media\/334244"}],"wp:attachment":[{"href":"https:\/\/www.hashtag.al\/index.php\/wp-json\/wp\/v2\/media?parent=334243"}],"wp:term":[{"taxonomy":"category","embeddable":true,"href":"https:\/\/www.hashtag.al\/index.php\/wp-json\/wp\/v2\/categories?post=334243"},{"taxonomy":"post_tag","embeddable":true,"href":"https:\/\/www.hashtag.al\/index.php\/wp-json\/wp\/v2\/tags?post=334243"}],"curies":[{"name":"wp","href":"https:\/\/api.w.org\/{rel}","templated":true}]}}