{"id":334054,"date":"2019-11-14T12:33:17","date_gmt":"2019-11-14T11:33:17","guid":{"rendered":"https:\/\/hashtag.al\/?p=334054"},"modified":"2019-11-14T12:39:10","modified_gmt":"2019-11-14T11:39:10","slug":"neser-seance-e-jashtezakonshme-ne-kuvend","status":"publish","type":"post","link":"https:\/\/www.hashtag.al\/index.php\/2019\/11\/14\/neser-seance-e-jashtezakonshme-ne-kuvend\/","title":{"rendered":"Nes\u00ebr seanc\u00eb e Jasht\u00ebzakonshme n\u00eb Kuvend","gt_translate_keys":[{"key":"rendered","format":"text"}]},"content":{"rendered":"<p><a href=\"https:\/\/hashtag.al\/wp-content\/uploads\/2019\/08\/Kuvend-Rama.jpg\"><img loading=\"lazy\" decoding=\"async\" class=\"aligncenter size-full wp-image-318585\" src=\"https:\/\/hashtag.al\/wp-content\/uploads\/2019\/08\/Kuvend-Rama.jpg\" alt=\"\" width=\"700\" height=\"394\" srcset=\"https:\/\/www.hashtag.al\/wp-content\/uploads\/2019\/08\/Kuvend-Rama.jpg 700w, https:\/\/www.hashtag.al\/wp-content\/uploads\/2019\/08\/Kuvend-Rama-300x169.jpg 300w\" sizes=\"auto, (max-width: 700px) 100vw, 700px\" \/><\/a><\/p>\n<p><span style=\"color: #000000;\">Pas zhvillimeve t\u00eb fundit, Kuvendi ka thirrur dit\u00ebn e nes\u00ebrme n\u00eb or\u00ebn 10:00 t\u00eb paradites nj\u00eb seanc\u00eb t\u00eb jasht\u00ebzakoshme plenare.<\/span><\/p>\n<p><span style=\"color: #000000;\">Sipas <span style=\"color: #0000ff;\"><a style=\"color: #0000ff;\" href=\"https:\/\/balkanweb.com\/kushtetuesja-kuvendi-njofton-seance-te-jashtezakonshme-zbulohet-ceshtja-e-nxehte\/\">BalkanWeb<\/a><\/span>, n\u00eb rendin e dit\u00ebs do t\u00eb jet\u00eb dekreti i Presidentit p\u00ebr caktimin e Marsida Xhafellarit si an\u00ebtare t\u00eb Gjykat\u00ebs Kushtetuese, q\u00eb maxhoranca nuk e pranon.<\/span><\/p>\n<p><span style=\"color: #000000;\">List\u00ebn e KED-s\u00eb e kryesonte Arta Vorpsi dhe ky institucion dhe maxhoranca, argumentojn\u00eb se ka kaluar afati 39 ditor i presidentit p\u00ebr t&#8217;u shprehur mbi kandidat\u00ebt. Dit\u00ebn e djeshme, presidenti Meta deklaroi se zgjedhja e Marsida Xhaferllarit nga ana e tij p\u00ebr Gjykat\u00ebn Kushtetuese nuk ka qen\u00eb jasht\u00eb afateve.<\/span><\/p>\n<p><span style=\"color: #000000;\">Ai e argumentoi q\u00ebndrimin e tij se n\u00eb Kushtetut\u00eb nuk ka nj\u00eb afat p\u00ebr Presidentit p\u00ebr zgjedhjen e kandidaturave p\u00ebr Gjykat\u00ebn Kushtetuese.<\/span><\/p>\n<p><span style=\"color: #000000;\">Emri q\u00eb ka \u00e7uar n\u00eb nj\u00eb p\u00ebrplasje mes Presidenc\u00ebs dhe KED-s\u00eb, \u00ebsht\u00eb ai i kandidates Arta Vorpsi. Pasi presidenti la t\u00eb kuptohet se nuk do e th\u00ebrriste p\u00ebr betimin, Vorpsi u betua sot si an\u00ebtare e Gjykat\u00ebs Kushtetuese\u00a0 tek nj\u00eb notere n\u00eb vend t\u00eb presidentit.<\/span><\/p>\n<p><span style=\"color: #000000;\">P\u00ebr k\u00ebt\u00eb ka patur nj\u00eb reagim nga z\u00ebdh\u00ebn\u00ebsi i presidentit, i cili tha me ironi se Meta nuk ndalon ask\u00ebnd t\u00eb betohet as tek noterja apo dhe tek parukierja, por ai njeh vet\u00ebm ligjin dhe Kushtetut\u00ebn.<\/span><\/p>\n<div id=\"attachment_334061\" style=\"width: 1031px\" class=\"wp-caption aligncenter\"><a href=\"https:\/\/hashtag.al\/wp-content\/uploads\/2019\/11\/marsida_xhaferllari.jpg\"><img loading=\"lazy\" decoding=\"async\" aria-describedby=\"caption-attachment-334061\" class=\"wp-image-334061 size-full\" src=\"https:\/\/hashtag.al\/wp-content\/uploads\/2019\/11\/marsida_xhaferllari.jpg\" alt=\"\" width=\"1021\" height=\"585\" srcset=\"https:\/\/www.hashtag.al\/wp-content\/uploads\/2019\/11\/marsida_xhaferllari.jpg 1021w, https:\/\/www.hashtag.al\/wp-content\/uploads\/2019\/11\/marsida_xhaferllari-300x172.jpg 300w, https:\/\/www.hashtag.al\/wp-content\/uploads\/2019\/11\/marsida_xhaferllari-768x440.jpg 768w\" sizes=\"auto, (max-width: 1021px) 100vw, 1021px\" \/><\/a><p id=\"caption-attachment-334061\" class=\"wp-caption-text\"><span style=\"color: #000000;\"><strong><em>Marsida Xhaferllari<\/em><\/strong><\/span><\/p><\/div>\n","protected":false,"gt_translate_keys":[{"key":"rendered","format":"html"}]},"excerpt":{"rendered":"<p>Pas zhvillimeve t\u00eb fundit, Kuvendi ka thirrur dit\u00ebn e nes\u00ebrme n\u00eb or\u00ebn 10:00 t\u00eb paradites nj\u00eb seanc\u00eb t\u00eb jasht\u00ebzakoshme plenare. Sipas BalkanWeb, n\u00eb rendin e dit\u00ebs do t\u00eb jet\u00eb dekreti i Presidentit p\u00ebr caktimin e Marsida Xhafellarit si an\u00ebtare t\u00eb Gjykat\u00ebs Kushtetuese, q\u00eb maxhoranca nuk e pranon. List\u00ebn e KED-s\u00eb e kryesonte Arta Vorpsi dhe [&hellip;]<\/p>\n","protected":false,"gt_translate_keys":[{"key":"rendered","format":"html"}]},"author":30,"featured_media":318585,"comment_status":"open","ping_status":"open","sticky":false,"template":"","format":"standard","meta":{"footnotes":""},"categories":[65,13],"tags":[],"class_list":["post-334054","post","type-post","status-publish","format-standard","has-post-thumbnail","hentry","category-lajme","category-te-fundit"],"gt_translate_keys":[{"key":"link","format":"url"}],"_links":{"self":[{"href":"https:\/\/www.hashtag.al\/index.php\/wp-json\/wp\/v2\/posts\/334054","targetHints":{"allow":["GET"]}}],"collection":[{"href":"https:\/\/www.hashtag.al\/index.php\/wp-json\/wp\/v2\/posts"}],"about":[{"href":"https:\/\/www.hashtag.al\/index.php\/wp-json\/wp\/v2\/types\/post"}],"author":[{"embeddable":true,"href":"https:\/\/www.hashtag.al\/index.php\/wp-json\/wp\/v2\/users\/30"}],"replies":[{"embeddable":true,"href":"https:\/\/www.hashtag.al\/index.php\/wp-json\/wp\/v2\/comments?post=334054"}],"version-history":[{"count":0,"href":"https:\/\/www.hashtag.al\/index.php\/wp-json\/wp\/v2\/posts\/334054\/revisions"}],"wp:featuredmedia":[{"embeddable":true,"href":"https:\/\/www.hashtag.al\/index.php\/wp-json\/wp\/v2\/media\/318585"}],"wp:attachment":[{"href":"https:\/\/www.hashtag.al\/index.php\/wp-json\/wp\/v2\/media?parent=334054"}],"wp:term":[{"taxonomy":"category","embeddable":true,"href":"https:\/\/www.hashtag.al\/index.php\/wp-json\/wp\/v2\/categories?post=334054"},{"taxonomy":"post_tag","embeddable":true,"href":"https:\/\/www.hashtag.al\/index.php\/wp-json\/wp\/v2\/tags?post=334054"}],"curies":[{"name":"wp","href":"https:\/\/api.w.org\/{rel}","templated":true}]}}