{"id":334046,"date":"2019-11-14T12:12:03","date_gmt":"2019-11-14T11:12:03","guid":{"rendered":"https:\/\/hashtag.al\/?p=334046"},"modified":"2019-11-14T12:12:03","modified_gmt":"2019-11-14T11:12:03","slug":"mbeshtetesit-e-evo-morales-perplasen-me-policine-kundershtojne-presidenten-e-perkohshme-video","status":"publish","type":"post","link":"https:\/\/www.hashtag.al\/index.php\/2019\/11\/14\/mbeshtetesit-e-evo-morales-perplasen-me-policine-kundershtojne-presidenten-e-perkohshme-video\/","title":{"rendered":"Mb\u00ebshtet\u00ebsit e Evo Morales p\u00ebrplasen me policin\u00eb, kund\u00ebrshtojn\u00eb presidenten &#8220;e p\u00ebrkohshme&#8221; (Video)","gt_translate_keys":[{"key":"rendered","format":"text"}]},"content":{"rendered":"<p><span style=\"color: #000000;\"><img loading=\"lazy\" decoding=\"async\" class=\"aligncenter size-full wp-image-334047\" src=\"https:\/\/hashtag.al\/wp-content\/uploads\/2019\/11\/morales14nentor.jpg\" alt=\"\" width=\"1000\" height=\"562\" srcset=\"https:\/\/www.hashtag.al\/wp-content\/uploads\/2019\/11\/morales14nentor.jpg 1000w, https:\/\/www.hashtag.al\/wp-content\/uploads\/2019\/11\/morales14nentor-300x169.jpg 300w, https:\/\/www.hashtag.al\/wp-content\/uploads\/2019\/11\/morales14nentor-768x432.jpg 768w\" sizes=\"auto, (max-width: 1000px) 100vw, 1000px\" \/><\/span><\/p>\n<p><span style=\"color: #000000;\">Mij\u00ebra p\u00ebrkrah\u00ebs t\u00eb ish-presidentit Evo Morales u mblodh\u00ebn n\u00eb kryeqytetin e vendit, La Paz, p\u00ebr t\u00eb k\u00ebrkuar dor\u00ebheqjen e udh\u00ebheq\u00ebses s\u00eb vet\u00ebdeklaruar \u00a0\u2018t\u00eb p\u00ebrkohshme\u2019, Jeanine Anez. <\/span><\/p>\n<p><span style=\"color: #000000;\">Ata u p\u00ebrplas\u00ebn me policin\u00eb n\u00eb rrug\u00eb duke k\u00ebrkuar largimin e Anez dhe rikthimin e Moralesit. Duke val\u00ebvitur flamujt komb\u00ebtar\u00eb e indigjen\u00eb dhe duke brohoritur parulla pro-Morales, marshuesit has\u00ebn n\u00eb reagimin e fuqish\u00ebm t\u00eb policis\u00eb n\u00eb kryeqytetin e Bolivis\u00eb. <\/span><\/p>\n<p><span style=\"color: #000000;\">Policia p\u00ebrdori gazin lotsjell\u00ebs dhe mjetet e blinduara p\u00ebr t\u00eb shp\u00ebrndar\u00eb turmat si\u00e7 duket nga videot e shp\u00ebrndara n\u00eb rrjetet sociale.<\/span><\/p>\n<p><span style=\"color: #000000;\">Demonstruesit, t\u00eb udh\u00ebhequr nga grupi indigjen i milicis\u00eb \u2018Ponchos Rojos\u2019, u drejtuan drejt pallatit presidencial n\u00eb qend\u00ebr t\u00eb qytetit La Paz para se t\u00eb p\u00ebrplaseshin me policin\u00eb ndaj s\u00eb cil\u00ebs q\u00eblluan me gur\u00eb dhe mjete t\u00eb tjera t\u00eb improvizuara. Skenat kaotike nuk u p\u00ebrfaq\u00ebsuan nga pjesa d\u00ebrrmuese e mediave nd\u00ebrkomb\u00ebtare.<\/span><\/p>\n<p><span style=\"color: #000000;\">Pas dor\u00ebheqjes s\u00eb detyruar t\u00eb Moralesit dhe largimit t\u00eb tij p\u00ebr n\u00eb Meksik\u00eb n\u00eb fillim t\u00eb k\u00ebsaj jave, senatorja e opozit\u00ebs Jeanine Anez e deklaroi veten \u2018presidente t\u00eb p\u00ebrkohshme\u2019. <\/span><\/p>\n<p><span style=\"color: #000000;\">Nd\u00ebrsa ligjv\u00ebn\u00ebsit e opozit\u00ebs argumentuan se deklarata e Anezit ishte e vlefshme n\u00eb baz\u00eb t\u00eb kushtetut\u00ebs s\u00eb Bolivis\u00eb, partia e Moralesit, \u2018L\u00ebvizja e p\u00ebr Partin\u00eb Socialiste\u2019 e cil\u00ebsoi k\u00ebt\u00eb gj\u00eb si t\u00eb paligjshme dhe bojkotoi parlamentin.<\/span><\/p>\n<p><iframe loading=\"lazy\" title=\"Thousands of supporters of ex-Bolivian President Morales marched in La Paz [STREAMED LIVE]\" width=\"1170\" height=\"658\" src=\"https:\/\/www.youtube.com\/embed\/iJ4a0vmefkw?start=3&#038;feature=oembed\" frameborder=\"0\" allow=\"accelerometer; autoplay; clipboard-write; encrypted-media; gyroscope; picture-in-picture\" allowfullscreen><\/iframe><\/p>\n<p><iframe loading=\"lazy\" title=\"Bolivia: Teargas flies as clashes between police and pro-Morales indigenous protesters continue\" width=\"1170\" height=\"658\" src=\"https:\/\/www.youtube.com\/embed\/B7kO6QFe4tw?feature=oembed\" frameborder=\"0\" allow=\"accelerometer; autoplay; clipboard-write; encrypted-media; gyroscope; picture-in-picture\" allowfullscreen><\/iframe><\/p>\n","protected":false,"gt_translate_keys":[{"key":"rendered","format":"html"}]},"excerpt":{"rendered":"<p>Mij\u00ebra p\u00ebrkrah\u00ebs t\u00eb ish-presidentit Evo Morales u mblodh\u00ebn n\u00eb kryeqytetin e vendit, La Paz, p\u00ebr t\u00eb k\u00ebrkuar dor\u00ebheqjen e udh\u00ebheq\u00ebses s\u00eb vet\u00ebdeklaruar \u00a0\u2018t\u00eb p\u00ebrkohshme\u2019, Jeanine Anez. Ata u p\u00ebrplas\u00ebn me policin\u00eb n\u00eb rrug\u00eb duke k\u00ebrkuar largimin e Anez dhe rikthimin e Moralesit. Duke val\u00ebvitur flamujt komb\u00ebtar\u00eb e indigjen\u00eb dhe duke brohoritur parulla pro-Morales, marshuesit has\u00ebn [&hellip;]<\/p>\n","protected":false,"gt_translate_keys":[{"key":"rendered","format":"html"}]},"author":51,"featured_media":334047,"comment_status":"open","ping_status":"open","sticky":false,"template":"","format":"standard","meta":{"footnotes":""},"categories":[6],"tags":[],"class_list":["post-334046","post","type-post","status-publish","format-standard","has-post-thumbnail","hentry","category-nderkombetare"],"gt_translate_keys":[{"key":"link","format":"url"}],"_links":{"self":[{"href":"https:\/\/www.hashtag.al\/index.php\/wp-json\/wp\/v2\/posts\/334046","targetHints":{"allow":["GET"]}}],"collection":[{"href":"https:\/\/www.hashtag.al\/index.php\/wp-json\/wp\/v2\/posts"}],"about":[{"href":"https:\/\/www.hashtag.al\/index.php\/wp-json\/wp\/v2\/types\/post"}],"author":[{"embeddable":true,"href":"https:\/\/www.hashtag.al\/index.php\/wp-json\/wp\/v2\/users\/51"}],"replies":[{"embeddable":true,"href":"https:\/\/www.hashtag.al\/index.php\/wp-json\/wp\/v2\/comments?post=334046"}],"version-history":[{"count":0,"href":"https:\/\/www.hashtag.al\/index.php\/wp-json\/wp\/v2\/posts\/334046\/revisions"}],"wp:featuredmedia":[{"embeddable":true,"href":"https:\/\/www.hashtag.al\/index.php\/wp-json\/wp\/v2\/media\/334047"}],"wp:attachment":[{"href":"https:\/\/www.hashtag.al\/index.php\/wp-json\/wp\/v2\/media?parent=334046"}],"wp:term":[{"taxonomy":"category","embeddable":true,"href":"https:\/\/www.hashtag.al\/index.php\/wp-json\/wp\/v2\/categories?post=334046"},{"taxonomy":"post_tag","embeddable":true,"href":"https:\/\/www.hashtag.al\/index.php\/wp-json\/wp\/v2\/tags?post=334046"}],"curies":[{"name":"wp","href":"https:\/\/api.w.org\/{rel}","templated":true}]}}