{"id":333955,"date":"2019-11-14T07:39:28","date_gmt":"2019-11-14T06:39:28","guid":{"rendered":"https:\/\/hashtag.al\/?p=333955"},"modified":"2019-11-14T07:41:21","modified_gmt":"2019-11-14T06:41:21","slug":"golashenuesi-me-i-mire-i-spanjes-del-ne-pension-muajin-tjeter","status":"publish","type":"post","link":"https:\/\/www.hashtag.al\/index.php\/2019\/11\/14\/golashenuesi-me-i-mire-i-spanjes-del-ne-pension-muajin-tjeter\/","title":{"rendered":"Golash\u00ebnuesi m\u00eb i mir\u00eb i Spanj\u00ebs del n\u00eb pension muajin tjet\u00ebr","gt_translate_keys":[{"key":"rendered","format":"text"}]},"content":{"rendered":"<p><a href=\"https:\/\/hashtag.al\/wp-content\/uploads\/2019\/11\/Villa.jpg\"><img loading=\"lazy\" decoding=\"async\" class=\"aligncenter size-full wp-image-333957\" src=\"https:\/\/hashtag.al\/wp-content\/uploads\/2019\/11\/Villa.jpg\" alt=\"\" width=\"748\" height=\"421\" srcset=\"https:\/\/www.hashtag.al\/wp-content\/uploads\/2019\/11\/Villa.jpg 748w, https:\/\/www.hashtag.al\/wp-content\/uploads\/2019\/11\/Villa-300x169.jpg 300w\" sizes=\"auto, (max-width: 748px) 100vw, 748px\" \/><\/a><\/p>\n<p><span style=\"color: #000000;\">Golash\u00ebnuesi m\u00eb i mir\u00eb i Spanj\u00ebs, David Villa, do t\u00eb dal\u00eb n\u00eb pension muajin tjet\u00ebr, n\u00eb fund t\u00eb sezonit J-League t\u00eb Japonis\u00eb.<\/span><\/p>\n<p><span style=\"color: #000000;\">Ish-sulmuesi i Barcelon\u00ebs do t&#8217;i jap\u00eb fund nj\u00eb karriere 19-vje\u00e7are, gjat\u00eb t\u00eb cil\u00ebs fitoi Kup\u00ebn e Bot\u00ebs n\u00eb vitin 2010 dhe Kampionatin Europian n\u00eb vitin 2008 duke luajtur p\u00ebr vendin e tij. Ai ka fituar gjithashtu dy tituj t\u00eb La Lig\u00ebs dhe Champions League me Barc\u00ebn.<\/span><\/p>\n<p><span style=\"color: #000000;\">37-vje\u00e7ari tha se ai kishte menduar p\u00ebr largimin p\u00ebr nj\u00eb koh\u00eb t\u00eb gjat\u00eb.<\/span><\/p>\n<p><span style=\"color: #000000;\"><em>&#8220;Doja t\u00eb t\u00ebrhiqesha nga futbolli, t\u00eb mos detyrohesha t\u00eb t\u00ebrhiqesha&#8221;<\/em>, shtoi ai.<\/span><\/p>\n<p><span style=\"color: #000000;\">Villa do t\u00eb b\u00ebhet investitor n\u00eb Queensboro FC, nj\u00eb ekskluzivitet i ri me baz\u00eb n\u00eb Queens q\u00eb do t\u00eb luaj\u00eb n\u00eb nivelin e dyt\u00eb t\u00eb futbollit amerikan.<\/span><\/p>\n<p><em><span style=\"color: #000000;\">&#8220;Edhe pse nuk do t\u00eb jem m\u00eb n\u00eb fush\u00eb, un\u00eb do t\u00eb vazhdoj t\u00eb p\u00ebrfshihem n\u00eb futboll n\u00eb m\u00ebnyra t\u00eb tjera dhe do t\u00eb vazhdoj t\u00eb kontribuoj n\u00eb bot\u00ebn e futbollit&#8221;, <\/span><\/em><span style=\"color: #000000;\">tha ai, citon <span style=\"color: #0000ff;\"><a style=\"color: #0000ff;\" href=\"https:\/\/www.bbc.com\/sport\/football\/50401494\">BBC<\/a><\/span>.<\/span><\/p>\n<p><span style=\"color: #000000;\">Villa ka sh\u00ebnuar 59 her\u00eb p\u00ebr Spanj\u00ebn, duke luajtur n\u00eb tre Kupa Bot\u00ebrore. Ai ngriti trofeun n\u00eb vitin 2010, dy vite pasi kishte fituar Kampionatin Europian.<\/span><\/p>\n<p><span style=\"color: #000000;\">Ai sh\u00ebnoi edhe golin e tret\u00eb p\u00ebr Barcelon\u00ebn n\u00eb Finalen e Lig\u00ebs s\u00eb Kampion\u00ebve 2010-11.<\/span><\/p>\n<p><a href=\"https:\/\/hashtag.al\/wp-content\/uploads\/2019\/11\/David-Villa.jpg\"><img loading=\"lazy\" decoding=\"async\" class=\"aligncenter size-full wp-image-333956\" src=\"https:\/\/hashtag.al\/wp-content\/uploads\/2019\/11\/David-Villa.jpg\" alt=\"\" width=\"800\" height=\"450\" srcset=\"https:\/\/www.hashtag.al\/wp-content\/uploads\/2019\/11\/David-Villa.jpg 800w, https:\/\/www.hashtag.al\/wp-content\/uploads\/2019\/11\/David-Villa-300x169.jpg 300w, https:\/\/www.hashtag.al\/wp-content\/uploads\/2019\/11\/David-Villa-768x432.jpg 768w\" sizes=\"auto, (max-width: 800px) 100vw, 800px\" \/><\/a><\/p>\n","protected":false,"gt_translate_keys":[{"key":"rendered","format":"html"}]},"excerpt":{"rendered":"<p>Golash\u00ebnuesi m\u00eb i mir\u00eb i Spanj\u00ebs, David Villa, do t\u00eb dal\u00eb n\u00eb pension muajin tjet\u00ebr, n\u00eb fund t\u00eb sezonit J-League t\u00eb Japonis\u00eb. Ish-sulmuesi i Barcelon\u00ebs do t&#8217;i jap\u00eb fund nj\u00eb karriere 19-vje\u00e7are, gjat\u00eb t\u00eb cil\u00ebs fitoi Kup\u00ebn e Bot\u00ebs n\u00eb vitin 2010 dhe Kampionatin Europian n\u00eb vitin 2008 duke luajtur p\u00ebr vendin e tij. Ai [&hellip;]<\/p>\n","protected":false,"gt_translate_keys":[{"key":"rendered","format":"html"}]},"author":30,"featured_media":333957,"comment_status":"open","ping_status":"open","sticky":false,"template":"","format":"standard","meta":{"footnotes":""},"categories":[134],"tags":[],"class_list":["post-333955","post","type-post","status-publish","format-standard","has-post-thumbnail","hentry","category-sport"],"gt_translate_keys":[{"key":"link","format":"url"}],"_links":{"self":[{"href":"https:\/\/www.hashtag.al\/index.php\/wp-json\/wp\/v2\/posts\/333955","targetHints":{"allow":["GET"]}}],"collection":[{"href":"https:\/\/www.hashtag.al\/index.php\/wp-json\/wp\/v2\/posts"}],"about":[{"href":"https:\/\/www.hashtag.al\/index.php\/wp-json\/wp\/v2\/types\/post"}],"author":[{"embeddable":true,"href":"https:\/\/www.hashtag.al\/index.php\/wp-json\/wp\/v2\/users\/30"}],"replies":[{"embeddable":true,"href":"https:\/\/www.hashtag.al\/index.php\/wp-json\/wp\/v2\/comments?post=333955"}],"version-history":[{"count":0,"href":"https:\/\/www.hashtag.al\/index.php\/wp-json\/wp\/v2\/posts\/333955\/revisions"}],"wp:featuredmedia":[{"embeddable":true,"href":"https:\/\/www.hashtag.al\/index.php\/wp-json\/wp\/v2\/media\/333957"}],"wp:attachment":[{"href":"https:\/\/www.hashtag.al\/index.php\/wp-json\/wp\/v2\/media?parent=333955"}],"wp:term":[{"taxonomy":"category","embeddable":true,"href":"https:\/\/www.hashtag.al\/index.php\/wp-json\/wp\/v2\/categories?post=333955"},{"taxonomy":"post_tag","embeddable":true,"href":"https:\/\/www.hashtag.al\/index.php\/wp-json\/wp\/v2\/tags?post=333955"}],"curies":[{"name":"wp","href":"https:\/\/api.w.org\/{rel}","templated":true}]}}