{"id":333662,"date":"2019-11-12T14:58:26","date_gmt":"2019-11-12T13:58:26","guid":{"rendered":"https:\/\/hashtag.al\/?p=333662"},"modified":"2019-11-12T14:58:26","modified_gmt":"2019-11-12T13:58:26","slug":"gjendet-i-groposur-shtetasi-shqiptar-ne-korfuz-ishte-zhdukur-para-7-muajsh","status":"publish","type":"post","link":"https:\/\/www.hashtag.al\/index.php\/2019\/11\/12\/gjendet-i-groposur-shtetasi-shqiptar-ne-korfuz-ishte-zhdukur-para-7-muajsh\/","title":{"rendered":"Gjendet i groposur shtetasi shqiptar n\u00eb Korfuz, ishte zhdukur para 7 muajsh","gt_translate_keys":[{"key":"rendered","format":"text"}]},"content":{"rendered":"<p><img loading=\"lazy\" decoding=\"async\" class=\"aligncenter size-full wp-image-333663\" src=\"https:\/\/hashtag.al\/wp-content\/uploads\/2019\/11\/skendertoska.jpeg\" alt=\"\" width=\"770\" height=\"433\" srcset=\"https:\/\/www.hashtag.al\/wp-content\/uploads\/2019\/11\/skendertoska.jpeg 770w, https:\/\/www.hashtag.al\/wp-content\/uploads\/2019\/11\/skendertoska-300x169.jpeg 300w, https:\/\/www.hashtag.al\/wp-content\/uploads\/2019\/11\/skendertoska-768x432.jpeg 768w\" sizes=\"auto, (max-width: 770px) 100vw, 770px\" \/><\/p>\n<p><span style=\"color: #000000;\">Eshtrat e nj\u00eb shtetasi shqiptar jan\u00eb gjetu dit\u00ebn e sotme n\u00eb Korfuz. Personi t\u00eb cilit i p\u00ebrkasin \u00ebsht\u00eb identifikuar \u00a0dhe dysohet se b\u00ebhet fjal\u00eb p\u00ebr Sk\u00ebnder Tosk\u00ebn. <\/span><\/p>\n<p><span style=\"color: #000000;\">Trupi i dekompozuar u gjet n\u00eb fshatin Kato Korakiana i groposur dhe ka qen\u00eb nj\u00eb banor i fshatit q\u00eb e ka pikasur teksa punonte tok\u00ebn me traktor e m\u00eb pas ka lajm\u00ebruar policin\u00eb. <\/span><\/p>\n<p><span style=\"color: #000000;\">35-vje\u00e7ari rezultonte i zhdukur q\u00eb prej prillit dhe rpran\u00eb trupit t\u00eb tij u gjet edhe nj\u00eb pasaport\u00eb me emrin e tij. Ai ishte emrigrant prej vitesh n\u00eb shtetin fqinj dhe ishte baba i dy f\u00ebmij\u00ebve. <\/span><\/p>\n<p><span style=\"color: #000000;\">Hera e fundit q\u00eb Toska \u00ebsht\u00eb par\u00eb ka qen\u00eb n\u00eb nj\u00eb dyqan \u2018OPAP\u2019 dhe m\u00eb pas ka humbur kontaktet me familjar\u00ebt q\u00eb denoncuan rastin n\u00eb polici.<\/span><\/p>\n","protected":false,"gt_translate_keys":[{"key":"rendered","format":"html"}]},"excerpt":{"rendered":"<p>Eshtrat e nj\u00eb shtetasi shqiptar jan\u00eb gjetu dit\u00ebn e sotme n\u00eb Korfuz. Personi t\u00eb cilit i p\u00ebrkasin \u00ebsht\u00eb identifikuar \u00a0dhe dysohet se b\u00ebhet fjal\u00eb p\u00ebr Sk\u00ebnder Tosk\u00ebn. Trupi i dekompozuar u gjet n\u00eb fshatin Kato Korakiana i groposur dhe ka qen\u00eb nj\u00eb banor i fshatit q\u00eb e ka pikasur teksa punonte tok\u00ebn me traktor e [&hellip;]<\/p>\n","protected":false,"gt_translate_keys":[{"key":"rendered","format":"html"}]},"author":51,"featured_media":333663,"comment_status":"open","ping_status":"open","sticky":false,"template":"","format":"standard","meta":{"footnotes":""},"categories":[149,65,13],"tags":[],"class_list":["post-333662","post","type-post","status-publish","format-standard","has-post-thumbnail","hentry","category-kosoverajon","category-lajme","category-te-fundit"],"gt_translate_keys":[{"key":"link","format":"url"}],"_links":{"self":[{"href":"https:\/\/www.hashtag.al\/index.php\/wp-json\/wp\/v2\/posts\/333662","targetHints":{"allow":["GET"]}}],"collection":[{"href":"https:\/\/www.hashtag.al\/index.php\/wp-json\/wp\/v2\/posts"}],"about":[{"href":"https:\/\/www.hashtag.al\/index.php\/wp-json\/wp\/v2\/types\/post"}],"author":[{"embeddable":true,"href":"https:\/\/www.hashtag.al\/index.php\/wp-json\/wp\/v2\/users\/51"}],"replies":[{"embeddable":true,"href":"https:\/\/www.hashtag.al\/index.php\/wp-json\/wp\/v2\/comments?post=333662"}],"version-history":[{"count":0,"href":"https:\/\/www.hashtag.al\/index.php\/wp-json\/wp\/v2\/posts\/333662\/revisions"}],"wp:featuredmedia":[{"embeddable":true,"href":"https:\/\/www.hashtag.al\/index.php\/wp-json\/wp\/v2\/media\/333663"}],"wp:attachment":[{"href":"https:\/\/www.hashtag.al\/index.php\/wp-json\/wp\/v2\/media?parent=333662"}],"wp:term":[{"taxonomy":"category","embeddable":true,"href":"https:\/\/www.hashtag.al\/index.php\/wp-json\/wp\/v2\/categories?post=333662"},{"taxonomy":"post_tag","embeddable":true,"href":"https:\/\/www.hashtag.al\/index.php\/wp-json\/wp\/v2\/tags?post=333662"}],"curies":[{"name":"wp","href":"https:\/\/api.w.org\/{rel}","templated":true}]}}