{"id":333570,"date":"2019-11-12T10:08:51","date_gmt":"2019-11-12T09:08:51","guid":{"rendered":"https:\/\/hashtag.al\/?p=333570"},"modified":"2019-11-12T10:12:34","modified_gmt":"2019-11-12T09:12:34","slug":"banoret-e-astirit-perzene-gazetarin-e-top-channel-je-tallur-gjithe-vitin-me-femijet-tane-foto","status":"publish","type":"post","link":"https:\/\/www.hashtag.al\/index.php\/2019\/11\/12\/banoret-e-astirit-perzene-gazetarin-e-top-channel-je-tallur-gjithe-vitin-me-femijet-tane-foto\/","title":{"rendered":"Banor\u00ebt e Astirit p\u00ebrz\u00ebn\u00eb gazetarin e &#8220;Top Channel&#8221;: Je tallur gjith\u00eb vitin me f\u00ebmij\u00ebt tan\u00eb (FOTO)","gt_translate_keys":[{"key":"rendered","format":"text"}]},"content":{"rendered":"<p><a href=\"https:\/\/hashtag.al\/wp-content\/uploads\/2019\/11\/gazetari-topit.jpg\"><img loading=\"lazy\" decoding=\"async\" class=\"aligncenter size-full wp-image-333572\" src=\"https:\/\/hashtag.al\/wp-content\/uploads\/2019\/11\/gazetari-topit.jpg\" alt=\"\" width=\"922\" height=\"367\" srcset=\"https:\/\/www.hashtag.al\/wp-content\/uploads\/2019\/11\/gazetari-topit.jpg 922w, https:\/\/www.hashtag.al\/wp-content\/uploads\/2019\/11\/gazetari-topit-300x119.jpg 300w, https:\/\/www.hashtag.al\/wp-content\/uploads\/2019\/11\/gazetari-topit-768x306.jpg 768w\" sizes=\"auto, (max-width: 922px) 100vw, 922px\" \/><\/a><\/p>\n<p><span style=\"color: #000000;\">Banor\u00ebt e Unaz\u00ebs s\u00eb Re, ose si\u00e7 njihet ndryshe &#8220;Astiri&#8221;, kan\u00eb p\u00ebrz\u00ebn\u00eb nga protesta e tyre nj\u00eb gazetar t\u00eb televizionit &#8220;Top Channel&#8221;, pasi e kan\u00eb konsideruar k\u00ebt\u00eb media si nj\u00eb media t\u00eb shitur q\u00eb \u00ebsht\u00eb tallur gjat\u00eb gjith\u00eb vitit me ta dhe f\u00ebmij\u00ebt e tyre.<\/span><\/p>\n<p><span style=\"color: #000000;\"><em>&#8220;Nuk e meritoni, jeni tallur gjith\u00eb vitin me f\u00ebmij\u00ebt tan\u00eb. Largohuni more qelb\u00ebsira, plehra. \u00a0Ikni mos u afroni k\u00ebtu. Ik o \u00e7un mos u afro. Turp t&#8217;ju vij\u00eb.&#8221;<\/em>, thon\u00eb banor\u00ebt.<\/span><\/p>\n<p><span style=\"color: #000000;\"><em>&#8221; \u00c7far\u00eb ke pasqyryuar ti, ik te Edi Rama se atij i sh\u00ebrben ti, nuk m\u00eb sh\u00ebrben mua.&#8221;,<\/em> vijoi nj\u00eb grua e cila u konfrontua me gazetarin e ri.<\/span><\/p>\n<p><span style=\"color: #000000;\">Banor\u00ebt jan\u00eb t\u00eb irrituar p\u00ebr shkak se shum\u00eb media pran\u00eb qeveris\u00eb, jo vet\u00ebm q\u00eb nuk i kan\u00eb transmetuar shqet\u00ebsimet e tyre prej nj\u00eb viti, por edhe at\u00ebhere kur i kan\u00eb raportuar, e kan\u00eb b\u00ebr\u00eb k\u00ebt\u00eb sipas interesave t\u00eb tyre.<\/span><\/p>\n<p><span style=\"color: #000000;\">Jo m\u00eb larg se sot, &#8220;Top Channel&#8221; publikoi edhe nj\u00eb lajm q\u00eb u shp\u00ebrnda edhe nga kryebashkiaku Veliaj, ku thuhej se me aksionin e sot\u00ebm t\u00eb IKMT-s\u00eb i jepet fund bllokimit 2-vje\u00e7ar t\u00eb Unaz\u00ebs.<em>\/Hashtag.al<\/em><\/span><\/p>\n<p><a href=\"https:\/\/hashtag.al\/wp-content\/uploads\/2019\/11\/astir-1.jpg\"><img loading=\"lazy\" decoding=\"async\" class=\"aligncenter size-full wp-image-333573\" src=\"https:\/\/hashtag.al\/wp-content\/uploads\/2019\/11\/astir-1.jpg\" alt=\"\" width=\"574\" height=\"457\" srcset=\"https:\/\/www.hashtag.al\/wp-content\/uploads\/2019\/11\/astir-1.jpg 574w, https:\/\/www.hashtag.al\/wp-content\/uploads\/2019\/11\/astir-1-300x239.jpg 300w\" sizes=\"auto, (max-width: 574px) 100vw, 574px\" \/><\/a> <a href=\"https:\/\/hashtag.al\/wp-content\/uploads\/2019\/11\/gazetari-2.jpg\"><img loading=\"lazy\" decoding=\"async\" class=\"aligncenter size-full wp-image-333571\" src=\"https:\/\/hashtag.al\/wp-content\/uploads\/2019\/11\/gazetari-2.jpg\" alt=\"\" width=\"614\" height=\"471\" srcset=\"https:\/\/www.hashtag.al\/wp-content\/uploads\/2019\/11\/gazetari-2.jpg 614w, https:\/\/www.hashtag.al\/wp-content\/uploads\/2019\/11\/gazetari-2-300x230.jpg 300w\" sizes=\"auto, (max-width: 614px) 100vw, 614px\" \/><\/a><\/p>\n","protected":false,"gt_translate_keys":[{"key":"rendered","format":"html"}]},"excerpt":{"rendered":"<p>Banor\u00ebt e Unaz\u00ebs s\u00eb Re, ose si\u00e7 njihet ndryshe &#8220;Astiri&#8221;, kan\u00eb p\u00ebrz\u00ebn\u00eb nga protesta e tyre nj\u00eb gazetar t\u00eb televizionit &#8220;Top Channel&#8221;, pasi e kan\u00eb konsideruar k\u00ebt\u00eb media si nj\u00eb media t\u00eb shitur q\u00eb \u00ebsht\u00eb tallur gjat\u00eb gjith\u00eb vitit me ta dhe f\u00ebmij\u00ebt e tyre. &#8220;Nuk e meritoni, jeni tallur gjith\u00eb vitin me f\u00ebmij\u00ebt tan\u00eb. [&hellip;]<\/p>\n","protected":false,"gt_translate_keys":[{"key":"rendered","format":"html"}]},"author":30,"featured_media":333571,"comment_status":"open","ping_status":"open","sticky":false,"template":"","format":"standard","meta":{"footnotes":""},"categories":[22,65,13],"tags":[],"class_list":["post-333570","post","type-post","status-publish","format-standard","has-post-thumbnail","hentry","category-ballina","category-lajme","category-te-fundit"],"gt_translate_keys":[{"key":"link","format":"url"}],"_links":{"self":[{"href":"https:\/\/www.hashtag.al\/index.php\/wp-json\/wp\/v2\/posts\/333570","targetHints":{"allow":["GET"]}}],"collection":[{"href":"https:\/\/www.hashtag.al\/index.php\/wp-json\/wp\/v2\/posts"}],"about":[{"href":"https:\/\/www.hashtag.al\/index.php\/wp-json\/wp\/v2\/types\/post"}],"author":[{"embeddable":true,"href":"https:\/\/www.hashtag.al\/index.php\/wp-json\/wp\/v2\/users\/30"}],"replies":[{"embeddable":true,"href":"https:\/\/www.hashtag.al\/index.php\/wp-json\/wp\/v2\/comments?post=333570"}],"version-history":[{"count":0,"href":"https:\/\/www.hashtag.al\/index.php\/wp-json\/wp\/v2\/posts\/333570\/revisions"}],"wp:featuredmedia":[{"embeddable":true,"href":"https:\/\/www.hashtag.al\/index.php\/wp-json\/wp\/v2\/media\/333571"}],"wp:attachment":[{"href":"https:\/\/www.hashtag.al\/index.php\/wp-json\/wp\/v2\/media?parent=333570"}],"wp:term":[{"taxonomy":"category","embeddable":true,"href":"https:\/\/www.hashtag.al\/index.php\/wp-json\/wp\/v2\/categories?post=333570"},{"taxonomy":"post_tag","embeddable":true,"href":"https:\/\/www.hashtag.al\/index.php\/wp-json\/wp\/v2\/tags?post=333570"}],"curies":[{"name":"wp","href":"https:\/\/api.w.org\/{rel}","templated":true}]}}