{"id":333549,"date":"2019-11-12T09:19:55","date_gmt":"2019-11-12T08:19:55","guid":{"rendered":"https:\/\/hashtag.al\/?p=333549"},"modified":"2019-11-12T09:21:03","modified_gmt":"2019-11-12T08:21:03","slug":"veliaj-trumbeton-si-triumf-situaten-te-astiri-asnje-fjale-per-te-lenduarit","status":"publish","type":"post","link":"https:\/\/www.hashtag.al\/index.php\/2019\/11\/12\/veliaj-trumbeton-si-triumf-situaten-te-astiri-asnje-fjale-per-te-lenduarit\/","title":{"rendered":"Veliaj trumbeton si triumf situat\u00ebn te Astiri, asnj\u00eb fjal\u00eb p\u00ebr t\u00eb l\u00ebnduarit","gt_translate_keys":[{"key":"rendered","format":"text"}]},"content":{"rendered":"<p>&nbsp;<\/p>\n<p><a href=\"https:\/\/hashtag.al\/wp-content\/uploads\/2019\/11\/erion_veliaj.jpg\"><img loading=\"lazy\" decoding=\"async\" class=\"aligncenter size-full wp-image-333550\" src=\"https:\/\/hashtag.al\/wp-content\/uploads\/2019\/11\/erion_veliaj.jpg\" alt=\"\" width=\"967\" height=\"568\" srcset=\"https:\/\/www.hashtag.al\/wp-content\/uploads\/2019\/11\/erion_veliaj.jpg 967w, https:\/\/www.hashtag.al\/wp-content\/uploads\/2019\/11\/erion_veliaj-300x176.jpg 300w, https:\/\/www.hashtag.al\/wp-content\/uploads\/2019\/11\/erion_veliaj-768x451.jpg 768w\" sizes=\"auto, (max-width: 967px) 100vw, 967px\" \/><\/a><\/p>\n<p><span style=\"color: #000000;\">Kryebashkiaku i Tiran\u00ebs Erion Veliaj, ka reaguar p\u00ebr her\u00eb t\u00eb par\u00eb lidhur me situat\u00ebn te zona e Astirit, ku ka nisur shembja e banesave t\u00eb para.<\/span><\/p>\n<p><span style=\"color: #000000;\">Veliaj ka shp\u00ebrndar\u00eb nj\u00eb artikull ku thuhet se ka p\u00ebrfunduar bllokimi 2 vje\u00e7ar i Unaz\u00ebs dhe e trajton t\u00eb gjith\u00eb situat\u00ebn si nj\u00eb triumf.<\/span><\/p>\n<p><span style=\"color: #000000;\"><em>&#8220;Nese ke marre parate apo perqindje ne pallat, eshte e arsyeshme ta ndalosh sabotimin e Tiranes! Partite e ngritura mbi kulturen e zaptim-bllokimit ne pikiate!&#8221;<\/em>, vet\u00ebm kaq shkruan kryebashkiaku i Tiran\u00ebs, i cili nuk ka shtuar asnj\u00eb fjal\u00eb lidhur me personat q\u00eb mbet\u00ebn t\u00eb l\u00ebnduar nga p\u00ebrplasja e sotme mes banor\u00ebve dhe policis\u00eb.<\/span><\/p>\n<p><span style=\"color: #000000;\">Deri m\u00eb tani num\u00ebrohen mbi 10 t\u00eb l\u00ebnduar, t\u00eb cil\u00ebt kan\u00eb marr\u00eb ndihm\u00eb mjek\u00ebsore pran\u00eb spitalit t\u00eb Traum\u00ebs.<a href=\"https:\/\/hashtag.al\/wp-content\/uploads\/2019\/11\/Erion-Veliaj-1.jpg\"><img loading=\"lazy\" decoding=\"async\" class=\"aligncenter size-full wp-image-333552\" src=\"https:\/\/hashtag.al\/wp-content\/uploads\/2019\/11\/Erion-Veliaj-1.jpg\" alt=\"\" width=\"591\" height=\"506\" srcset=\"https:\/\/www.hashtag.al\/wp-content\/uploads\/2019\/11\/Erion-Veliaj-1.jpg 591w, https:\/\/www.hashtag.al\/wp-content\/uploads\/2019\/11\/Erion-Veliaj-1-300x257.jpg 300w\" sizes=\"auto, (max-width: 591px) 100vw, 591px\" \/><\/a><\/span><\/p>\n","protected":false,"gt_translate_keys":[{"key":"rendered","format":"html"}]},"excerpt":{"rendered":"<p>&nbsp; Kryebashkiaku i Tiran\u00ebs Erion Veliaj, ka reaguar p\u00ebr her\u00eb t\u00eb par\u00eb lidhur me situat\u00ebn te zona e Astirit, ku ka nisur shembja e banesave t\u00eb para. Veliaj ka shp\u00ebrndar\u00eb nj\u00eb artikull ku thuhet se ka p\u00ebrfunduar bllokimi 2 vje\u00e7ar i Unaz\u00ebs dhe e trajton t\u00eb gjith\u00eb situat\u00ebn si nj\u00eb triumf. &#8220;Nese ke marre parate [&hellip;]<\/p>\n","protected":false,"gt_translate_keys":[{"key":"rendered","format":"html"}]},"author":30,"featured_media":333550,"comment_status":"open","ping_status":"open","sticky":false,"template":"","format":"standard","meta":{"footnotes":""},"categories":[65,13],"tags":[],"class_list":["post-333549","post","type-post","status-publish","format-standard","has-post-thumbnail","hentry","category-lajme","category-te-fundit"],"gt_translate_keys":[{"key":"link","format":"url"}],"_links":{"self":[{"href":"https:\/\/www.hashtag.al\/index.php\/wp-json\/wp\/v2\/posts\/333549","targetHints":{"allow":["GET"]}}],"collection":[{"href":"https:\/\/www.hashtag.al\/index.php\/wp-json\/wp\/v2\/posts"}],"about":[{"href":"https:\/\/www.hashtag.al\/index.php\/wp-json\/wp\/v2\/types\/post"}],"author":[{"embeddable":true,"href":"https:\/\/www.hashtag.al\/index.php\/wp-json\/wp\/v2\/users\/30"}],"replies":[{"embeddable":true,"href":"https:\/\/www.hashtag.al\/index.php\/wp-json\/wp\/v2\/comments?post=333549"}],"version-history":[{"count":0,"href":"https:\/\/www.hashtag.al\/index.php\/wp-json\/wp\/v2\/posts\/333549\/revisions"}],"wp:featuredmedia":[{"embeddable":true,"href":"https:\/\/www.hashtag.al\/index.php\/wp-json\/wp\/v2\/media\/333550"}],"wp:attachment":[{"href":"https:\/\/www.hashtag.al\/index.php\/wp-json\/wp\/v2\/media?parent=333549"}],"wp:term":[{"taxonomy":"category","embeddable":true,"href":"https:\/\/www.hashtag.al\/index.php\/wp-json\/wp\/v2\/categories?post=333549"},{"taxonomy":"post_tag","embeddable":true,"href":"https:\/\/www.hashtag.al\/index.php\/wp-json\/wp\/v2\/tags?post=333549"}],"curies":[{"name":"wp","href":"https:\/\/api.w.org\/{rel}","templated":true}]}}