{"id":333540,"date":"2019-11-12T08:50:06","date_gmt":"2019-11-12T07:50:06","guid":{"rendered":"https:\/\/hashtag.al\/?p=333540"},"modified":"2019-11-12T08:52:13","modified_gmt":"2019-11-12T07:52:13","slug":"gazetari-i-le-iene-ka-dy-fjale-per-lleshajn-gajase-italianet-me-te-ngrena-e-te-pira-ne-hotelet-luksoze-te-bejrutit","status":"publish","type":"post","link":"https:\/\/www.hashtag.al\/index.php\/2019\/11\/12\/gazetari-i-le-iene-ka-dy-fjale-per-lleshajn-gajase-italianet-me-te-ngrena-e-te-pira-ne-hotelet-luksoze-te-bejrutit\/","title":{"rendered":"Gazetari i &#8220;Le Iene&#8221; ka dy fjal\u00eb p\u00ebr Lleshajn: Gajase italian\u00ebt me t\u00eb ngr\u00ebna e t\u00eb pira n\u00eb hotelet luksoze t\u00eb Bejrutit","gt_translate_keys":[{"key":"rendered","format":"text"}]},"content":{"rendered":"<p><a href=\"https:\/\/hashtag.al\/wp-content\/uploads\/2019\/11\/ministro-albanese-Alvin-Berisha-1-960x570.jpeg\"><img loading=\"lazy\" decoding=\"async\" class=\"aligncenter size-full wp-image-333545\" src=\"https:\/\/hashtag.al\/wp-content\/uploads\/2019\/11\/ministro-albanese-Alvin-Berisha-1-960x570.jpeg\" alt=\"\" width=\"960\" height=\"570\" srcset=\"https:\/\/www.hashtag.al\/wp-content\/uploads\/2019\/11\/ministro-albanese-Alvin-Berisha-1-960x570.jpeg 960w, https:\/\/www.hashtag.al\/wp-content\/uploads\/2019\/11\/ministro-albanese-Alvin-Berisha-1-960x570-300x178.jpeg 300w, https:\/\/www.hashtag.al\/wp-content\/uploads\/2019\/11\/ministro-albanese-Alvin-Berisha-1-960x570-768x456.jpeg 768w\" sizes=\"auto, (max-width: 960px) 100vw, 960px\" \/><\/a><\/p>\n<p><span style=\"color: #000000;\">Gazetari shqiptar i emisionit italian \u2018Le Iene\u2019, Taulant Kopliku, i cili b\u00ebri publik rastin e 11-vje\u00e7arit Alvin Berisha, ka komentuar gjestin e ministrit t\u00eb Brendsh\u00ebm Sand\u00ebr Lleshaj i cili shkoi n\u00eb Bejrut p\u00ebr t\u00eb b\u00ebr\u00eb foto me vog\u00eblushin.<\/span><\/p>\n<p><span style=\"color: #000000;\">Gazetari thot\u00eb se ministri shqiptar i ka gajasur italian\u00ebt me shfaqjen q\u00eb b\u00ebri n\u00eb dit\u00ebn e fundit t\u00eb operacionit p\u00ebr sht\u00ebpitmin e 11-vje\u00e7arit, duke u shfaqur me sy t\u00eb err\u00ebta. Po ashtu ai thot\u00eb se Lleshaj ka q\u00ebndruar duke ng\u00ebn\u00eb e pir\u00eb n\u00eb hotelet luksoze t\u00eb k\u00ebtij vendi.<\/span><\/p>\n<p><em><span style=\"color: #000000;\">\u00a0\u201cNese dona me u solidarizu, per patriotizem po themi bravo Sander si shqiptar qe je. Po themi ishe aktori kryesor i gjithe \u00e7fare ndodhi ato dite ne kufirin mes Libanit dhe Sirise. Po themi gjith\u00e7ka qe ti don qe ne me thane. Kjo per hir te flamurit qe vartesit e tu ishin kujdesur ta merrnin per t\u2019ia hedhur kraheve Alvinit.<\/span><\/em><br \/>\n<em><span style=\"color: #000000;\">Ashtu po e leme, si\u00e7 po deklaron ti pa tu dridhur qerpiku.<\/span><\/em><br \/>\n<em><span style=\"color: #000000;\">Vetem dy gjera te vogla do te thoja.<\/span><\/em><br \/>\n<em><span style=\"color: #000000;\">Se pari, mos harro se nuk mbeti Alvini qe ti jepni ju dashurine per flamurin, duke e mbeshtjelle sa per sho\u00eb e shkrepur foto nje pas nje. Ka nje babe, nje gjysh e do axha qe do dine ta brumosin me vlerat e nje shqiptari te mire, pa patur nevoje per keta telenovela libaneze.<\/span><\/em><br \/>\n<em><span style=\"color: #000000;\">Se dyti, di\u00e7ka qe ta kesh per vete. Mos ia thuaj njeriu se \u201casht marre\u201d.<\/span><\/em><br \/>\n<em><span style=\"color: #000000;\">Jane gajasur italianet me ato kingat e palestruar e me syze te erreta qe mberriten te ambasada duke u perplasur duarsh dhe perqafuar njelloj si skuadra e kapitenit Ultimo kur kapi Toto Riinen.<\/span><\/em><br \/>\n<em><span style=\"color: #000000;\">Kishin ngelur te habitur te gjithe se \u00e7a dreqin hidhen perpjete keta tipat me foto muskujsh e grushtesh drejtuar aparateve. Njefare Apollo Creed kartolinash, qe pasi u denden me te ngrena e te pira hoteleve te luksit ne Bejrut, iu dedikuan festes se \u201cfitores\u201d se madhe te arritur me shume mundim nga telefoni i gjeneral Lleshit te lavdishem.<\/span><\/em><\/p>\n<p><span style=\"color: #000000;\"><em>Faleminderit gjeneral qe na solle Alvinin ne shtepi. Italianet na genjyen si gjithmone.&#8221;,<\/em> shprehet gazetari.<a href=\"https:\/\/hashtag.al\/wp-content\/uploads\/2019\/11\/kopliku-548x600.jpg\"><img loading=\"lazy\" decoding=\"async\" class=\"aligncenter size-full wp-image-333541\" src=\"https:\/\/hashtag.al\/wp-content\/uploads\/2019\/11\/kopliku-548x600.jpg\" alt=\"\" width=\"548\" height=\"600\" srcset=\"https:\/\/www.hashtag.al\/wp-content\/uploads\/2019\/11\/kopliku-548x600.jpg 548w, https:\/\/www.hashtag.al\/wp-content\/uploads\/2019\/11\/kopliku-548x600-274x300.jpg 274w\" sizes=\"auto, (max-width: 548px) 100vw, 548px\" \/><\/a><\/span><\/p>\n<p><span style=\"color: #000000;\">Ministri i Brendsh\u00ebm Sand\u00ebr Lleshaj, dje foli p\u00ebr detajet e operacionit p\u00ebr shp\u00ebtimin e Alvinit n\u00eb studion e emisionit &#8220;Opinion&#8221;, i cili tha se nisma p\u00ebr k\u00ebt\u00eb operacion u mor nga Shqip\u00ebria.<\/span><\/p>\n<p><span style=\"color: #000000;\">Pas 5 vitesh mes luft\u00ebs n\u00eb Siri, Alvin Berisha sot ndodhet pran\u00eb familjes s\u00eb tij n\u00eb Itali, pas nj\u00eb nd\u00ebrhyrjeje nga shteti fqinj n\u00eb bashk\u00ebpunim me Kryqin e Kuq dhe Gjysm\u00ebh\u00ebn\u00ebn siriane.<\/span><\/p>\n<p><a href=\"https:\/\/hashtag.al\/wp-content\/uploads\/2019\/11\/1573207661605.rainews_20191108110545342.jpg\"><img loading=\"lazy\" decoding=\"async\" class=\"aligncenter size-full wp-image-333546\" src=\"https:\/\/hashtag.al\/wp-content\/uploads\/2019\/11\/1573207661605.rainews_20191108110545342.jpg\" alt=\"\" width=\"640\" height=\"426\" srcset=\"https:\/\/www.hashtag.al\/wp-content\/uploads\/2019\/11\/1573207661605.rainews_20191108110545342.jpg 640w, https:\/\/www.hashtag.al\/wp-content\/uploads\/2019\/11\/1573207661605.rainews_20191108110545342-300x200.jpg 300w\" sizes=\"auto, (max-width: 640px) 100vw, 640px\" \/><\/a><\/p>\n<p>&nbsp;<\/p>\n","protected":false,"gt_translate_keys":[{"key":"rendered","format":"html"}]},"excerpt":{"rendered":"<p>Gazetari shqiptar i emisionit italian \u2018Le Iene\u2019, Taulant Kopliku, i cili b\u00ebri publik rastin e 11-vje\u00e7arit Alvin Berisha, ka komentuar gjestin e ministrit t\u00eb Brendsh\u00ebm Sand\u00ebr Lleshaj i cili shkoi n\u00eb Bejrut p\u00ebr t\u00eb b\u00ebr\u00eb foto me vog\u00eblushin. Gazetari thot\u00eb se ministri shqiptar i ka gajasur italian\u00ebt me shfaqjen q\u00eb b\u00ebri n\u00eb dit\u00ebn e fundit [&hellip;]<\/p>\n","protected":false,"gt_translate_keys":[{"key":"rendered","format":"html"}]},"author":30,"featured_media":333543,"comment_status":"open","ping_status":"open","sticky":false,"template":"","format":"standard","meta":{"footnotes":""},"categories":[65,13],"tags":[],"class_list":["post-333540","post","type-post","status-publish","format-standard","has-post-thumbnail","hentry","category-lajme","category-te-fundit"],"gt_translate_keys":[{"key":"link","format":"url"}],"_links":{"self":[{"href":"https:\/\/www.hashtag.al\/index.php\/wp-json\/wp\/v2\/posts\/333540","targetHints":{"allow":["GET"]}}],"collection":[{"href":"https:\/\/www.hashtag.al\/index.php\/wp-json\/wp\/v2\/posts"}],"about":[{"href":"https:\/\/www.hashtag.al\/index.php\/wp-json\/wp\/v2\/types\/post"}],"author":[{"embeddable":true,"href":"https:\/\/www.hashtag.al\/index.php\/wp-json\/wp\/v2\/users\/30"}],"replies":[{"embeddable":true,"href":"https:\/\/www.hashtag.al\/index.php\/wp-json\/wp\/v2\/comments?post=333540"}],"version-history":[{"count":0,"href":"https:\/\/www.hashtag.al\/index.php\/wp-json\/wp\/v2\/posts\/333540\/revisions"}],"wp:featuredmedia":[{"embeddable":true,"href":"https:\/\/www.hashtag.al\/index.php\/wp-json\/wp\/v2\/media\/333543"}],"wp:attachment":[{"href":"https:\/\/www.hashtag.al\/index.php\/wp-json\/wp\/v2\/media?parent=333540"}],"wp:term":[{"taxonomy":"category","embeddable":true,"href":"https:\/\/www.hashtag.al\/index.php\/wp-json\/wp\/v2\/categories?post=333540"},{"taxonomy":"post_tag","embeddable":true,"href":"https:\/\/www.hashtag.al\/index.php\/wp-json\/wp\/v2\/tags?post=333540"}],"curies":[{"name":"wp","href":"https:\/\/api.w.org\/{rel}","templated":true}]}}