{"id":333003,"date":"2019-11-09T12:37:56","date_gmt":"2019-11-09T11:37:56","guid":{"rendered":"https:\/\/hashtag.al\/?p=333003"},"modified":"2019-11-09T12:37:56","modified_gmt":"2019-11-09T11:37:56","slug":"presidenti-mesazh-ne-diten-e-shembjes-se-murit-te-berlinit-te-mbrojme-lirine-dhe-shtetin-e-se-drejtes","status":"publish","type":"post","link":"https:\/\/www.hashtag.al\/index.php\/2019\/11\/09\/presidenti-mesazh-ne-diten-e-shembjes-se-murit-te-berlinit-te-mbrojme-lirine-dhe-shtetin-e-se-drejtes\/","title":{"rendered":"Presidenti mesazh n\u00eb dit\u00ebn e shembjes s\u00eb Murit t\u00eb Berlinit: T\u00eb mbrojm\u00eb lirin\u00eb dhe shtetin e s\u00eb drejt\u00ebs","gt_translate_keys":[{"key":"rendered","format":"text"}]},"content":{"rendered":"<p><img loading=\"lazy\" decoding=\"async\" class=\"aligncenter size-full wp-image-332636\" src=\"https:\/\/hashtag.al\/wp-content\/uploads\/2019\/11\/metakushtetuese-e1573134853783.jpg\" alt=\"\" width=\"1920\" height=\"921\" srcset=\"https:\/\/www.hashtag.al\/wp-content\/uploads\/2019\/11\/metakushtetuese-e1573134853783.jpg 1920w, https:\/\/www.hashtag.al\/wp-content\/uploads\/2019\/11\/metakushtetuese-e1573134853783-300x144.jpg 300w, https:\/\/www.hashtag.al\/wp-content\/uploads\/2019\/11\/metakushtetuese-e1573134853783-768x368.jpg 768w, https:\/\/www.hashtag.al\/wp-content\/uploads\/2019\/11\/metakushtetuese-e1573134853783-1024x491.jpg 1024w\" sizes=\"auto, (max-width: 1920px) 100vw, 1920px\" \/><\/p>\n<p><span style=\"color: #000000;\">Presidenti i Republik\u00ebs Ilir Meta n\u00eb kujtim t\u00eb dit\u00ebs historike t\u00eb r\u00ebnies s\u00eb Murit t\u00eb Berlinit ka dh\u00ebn\u00eb nj\u00eb mesazh duke e adresuar drejt liris\u00eb dhe t\u00eb drejtave t\u00eb njeriut.<\/span><\/p>\n<p><span style=\"color: #000000;\">Meta shprehet se k\u00ebt\u00eb at\u00eb duhet ta kujtojm\u00eb p\u00ebr t\u00eb mbrojtur vlerat e liris\u00eb dhe shtetit t\u00eb s\u00eb drejt\u00ebs.<\/span><\/p>\n<p><span style=\"color: #000000;\">\u201c<em>Rikthimi 30 vjet m\u00eb par\u00eb, i liris\u00eb, shtetit t\u00eb s\u00eb drejt\u00ebs dhe t\u00eb drejtave t\u00eb njeriut n\u00eb gjysm\u00ebn e shtypur t\u00eb Europ\u00ebs, na kujton sot se duhet t\u00eb ruajm\u00eb dhe t\u00eb mbrojm\u00eb k\u00ebto vlera p\u00ebr t\u00eb mos u kthyer kurr\u00eb m\u00eb n\u00eb ato koh\u00eb!<\/em>\u201d-shkruan Meta.<\/span><\/p>\n","protected":false,"gt_translate_keys":[{"key":"rendered","format":"html"}]},"excerpt":{"rendered":"<p>Presidenti i Republik\u00ebs Ilir Meta n\u00eb kujtim t\u00eb dit\u00ebs historike t\u00eb r\u00ebnies s\u00eb Murit t\u00eb Berlinit ka dh\u00ebn\u00eb nj\u00eb mesazh duke e adresuar drejt liris\u00eb dhe t\u00eb drejtave t\u00eb njeriut. Meta shprehet se k\u00ebt\u00eb at\u00eb duhet ta kujtojm\u00eb p\u00ebr t\u00eb mbrojtur vlerat e liris\u00eb dhe shtetit t\u00eb s\u00eb drejt\u00ebs. \u201cRikthimi 30 vjet m\u00eb par\u00eb, i [&hellip;]<\/p>\n","protected":false,"gt_translate_keys":[{"key":"rendered","format":"html"}]},"author":32,"featured_media":330103,"comment_status":"open","ping_status":"open","sticky":false,"template":"","format":"standard","meta":{"footnotes":""},"categories":[65,13],"tags":[],"class_list":["post-333003","post","type-post","status-publish","format-standard","has-post-thumbnail","hentry","category-lajme","category-te-fundit"],"gt_translate_keys":[{"key":"link","format":"url"}],"_links":{"self":[{"href":"https:\/\/www.hashtag.al\/index.php\/wp-json\/wp\/v2\/posts\/333003","targetHints":{"allow":["GET"]}}],"collection":[{"href":"https:\/\/www.hashtag.al\/index.php\/wp-json\/wp\/v2\/posts"}],"about":[{"href":"https:\/\/www.hashtag.al\/index.php\/wp-json\/wp\/v2\/types\/post"}],"author":[{"embeddable":true,"href":"https:\/\/www.hashtag.al\/index.php\/wp-json\/wp\/v2\/users\/32"}],"replies":[{"embeddable":true,"href":"https:\/\/www.hashtag.al\/index.php\/wp-json\/wp\/v2\/comments?post=333003"}],"version-history":[{"count":0,"href":"https:\/\/www.hashtag.al\/index.php\/wp-json\/wp\/v2\/posts\/333003\/revisions"}],"wp:featuredmedia":[{"embeddable":true,"href":"https:\/\/www.hashtag.al\/index.php\/wp-json\/wp\/v2\/media\/330103"}],"wp:attachment":[{"href":"https:\/\/www.hashtag.al\/index.php\/wp-json\/wp\/v2\/media?parent=333003"}],"wp:term":[{"taxonomy":"category","embeddable":true,"href":"https:\/\/www.hashtag.al\/index.php\/wp-json\/wp\/v2\/categories?post=333003"},{"taxonomy":"post_tag","embeddable":true,"href":"https:\/\/www.hashtag.al\/index.php\/wp-json\/wp\/v2\/tags?post=333003"}],"curies":[{"name":"wp","href":"https:\/\/api.w.org\/{rel}","templated":true}]}}