{"id":332997,"date":"2019-11-09T12:02:30","date_gmt":"2019-11-09T11:02:30","guid":{"rendered":"https:\/\/hashtag.al\/?p=332997"},"modified":"2019-11-09T12:02:30","modified_gmt":"2019-11-09T11:02:30","slug":"rama-le-konferencen-ne-parti-per-takimin-me-grupin-per-ligjin-special-kunder-kck-ne-dhe-krimin","status":"publish","type":"post","link":"https:\/\/www.hashtag.al\/index.php\/2019\/11\/09\/rama-le-konferencen-ne-parti-per-takimin-me-grupin-per-ligjin-special-kunder-kck-ne-dhe-krimin\/","title":{"rendered":"Rama l\u00eb konferenc\u00ebn n\u00eb parti p\u00ebr takimin me grupin p\u00ebr Ligjin Special kund\u00ebr K\u00c7K-n\u00eb dhe krimin","gt_translate_keys":[{"key":"rendered","format":"text"}]},"content":{"rendered":"<p><img loading=\"lazy\" decoding=\"async\" class=\"aligncenter size-full wp-image-332261\" src=\"https:\/\/hashtag.al\/wp-content\/uploads\/2019\/11\/ramakrimi5nentor.jpg\" alt=\"\" width=\"1266\" height=\"693\" srcset=\"https:\/\/www.hashtag.al\/wp-content\/uploads\/2019\/11\/ramakrimi5nentor.jpg 1266w, https:\/\/www.hashtag.al\/wp-content\/uploads\/2019\/11\/ramakrimi5nentor-300x164.jpg 300w, https:\/\/www.hashtag.al\/wp-content\/uploads\/2019\/11\/ramakrimi5nentor-768x420.jpg 768w, https:\/\/www.hashtag.al\/wp-content\/uploads\/2019\/11\/ramakrimi5nentor-1024x561.jpg 1024w\" sizes=\"auto, (max-width: 1266px) 100vw, 1266px\" \/><\/p>\n<p><span style=\"color: #000000;\">N\u00eb konferenc\u00ebn e organizuar nga Partia Socialiste me kandidat\u00ebt p\u00ebr n\u00eb Kongres, u vu re mungesa e Kryetarit Edi Rama.<\/span><\/p>\n<p><span style=\"color: #000000;\">Ka qen\u00eb vet\u00eb Rama i cili zbuloi me an\u00eb t\u00eb dy postimeve n\u00eb Twitter se p\u00ebrse nuk ndodhej n\u00eb konferenc\u00eb duke lajm\u00ebruar se ndodhej n\u00eb takimin me grupin e pun\u00ebs p\u00ebr Ligjin Special kund\u00ebr personave q\u00eb kryejn\u00eb vepra penale apo edhe grupin e asht\u00eb quajtur nga vet\u00eb ai \u201cK\u00c7K\u201d t\u00eb sistemit t\u00eb drejt\u00ebsis\u00eb.<\/span><\/p>\n<p><span style=\"color: #000000;\">Rama gjithashtu lajm\u00ebroi se pas k\u00ebtij takimi do niset p\u00ebr n\u00eb Oh\u00ebr p\u00ebr takimin e radh\u00ebs p\u00ebr projektin e \u201cmini-Schengenit\u201d Ballkanik.<\/span><\/p>\n<p><img loading=\"lazy\" decoding=\"async\" class=\"aligncenter size-full wp-image-332998\" src=\"https:\/\/hashtag.al\/wp-content\/uploads\/2019\/11\/rama-kck.png\" alt=\"\" width=\"606\" height=\"318\" srcset=\"https:\/\/www.hashtag.al\/wp-content\/uploads\/2019\/11\/rama-kck.png 606w, https:\/\/www.hashtag.al\/wp-content\/uploads\/2019\/11\/rama-kck-300x157.png 300w\" sizes=\"auto, (max-width: 606px) 100vw, 606px\" \/><\/p>\n","protected":false,"gt_translate_keys":[{"key":"rendered","format":"html"}]},"excerpt":{"rendered":"<p>N\u00eb konferenc\u00ebn e organizuar nga Partia Socialiste me kandidat\u00ebt p\u00ebr n\u00eb Kongres, u vu re mungesa e Kryetarit Edi Rama. Ka qen\u00eb vet\u00eb Rama i cili zbuloi me an\u00eb t\u00eb dy postimeve n\u00eb Twitter se p\u00ebrse nuk ndodhej n\u00eb konferenc\u00eb duke lajm\u00ebruar se ndodhej n\u00eb takimin me grupin e pun\u00ebs p\u00ebr Ligjin Special kund\u00ebr personave [&hellip;]<\/p>\n","protected":false,"gt_translate_keys":[{"key":"rendered","format":"html"}]},"author":32,"featured_media":325246,"comment_status":"open","ping_status":"open","sticky":false,"template":"","format":"standard","meta":{"footnotes":""},"categories":[65,13],"tags":[],"class_list":["post-332997","post","type-post","status-publish","format-standard","has-post-thumbnail","hentry","category-lajme","category-te-fundit"],"gt_translate_keys":[{"key":"link","format":"url"}],"_links":{"self":[{"href":"https:\/\/www.hashtag.al\/index.php\/wp-json\/wp\/v2\/posts\/332997","targetHints":{"allow":["GET"]}}],"collection":[{"href":"https:\/\/www.hashtag.al\/index.php\/wp-json\/wp\/v2\/posts"}],"about":[{"href":"https:\/\/www.hashtag.al\/index.php\/wp-json\/wp\/v2\/types\/post"}],"author":[{"embeddable":true,"href":"https:\/\/www.hashtag.al\/index.php\/wp-json\/wp\/v2\/users\/32"}],"replies":[{"embeddable":true,"href":"https:\/\/www.hashtag.al\/index.php\/wp-json\/wp\/v2\/comments?post=332997"}],"version-history":[{"count":0,"href":"https:\/\/www.hashtag.al\/index.php\/wp-json\/wp\/v2\/posts\/332997\/revisions"}],"wp:featuredmedia":[{"embeddable":true,"href":"https:\/\/www.hashtag.al\/index.php\/wp-json\/wp\/v2\/media\/325246"}],"wp:attachment":[{"href":"https:\/\/www.hashtag.al\/index.php\/wp-json\/wp\/v2\/media?parent=332997"}],"wp:term":[{"taxonomy":"category","embeddable":true,"href":"https:\/\/www.hashtag.al\/index.php\/wp-json\/wp\/v2\/categories?post=332997"},{"taxonomy":"post_tag","embeddable":true,"href":"https:\/\/www.hashtag.al\/index.php\/wp-json\/wp\/v2\/tags?post=332997"}],"curies":[{"name":"wp","href":"https:\/\/api.w.org\/{rel}","templated":true}]}}