{"id":332898,"date":"2019-11-08T18:59:14","date_gmt":"2019-11-08T17:59:14","guid":{"rendered":"https:\/\/hashtag.al\/?p=332898"},"modified":"2019-11-08T18:59:14","modified_gmt":"2019-11-08T17:59:14","slug":"qyteti-holandez-prezanton-kalimin-e-pare-ne-bote-per-transgjinoret-video","status":"publish","type":"post","link":"https:\/\/www.hashtag.al\/index.php\/2019\/11\/08\/qyteti-holandez-prezanton-kalimin-e-pare-ne-bote-per-transgjinoret-video\/","title":{"rendered":"Qyteti holandez prezanton kalimin e par\u00eb n\u00eb bot\u00eb p\u00ebr transgjinor\u00ebt (Video)","gt_translate_keys":[{"key":"rendered","format":"text"}]},"content":{"rendered":"<p><img loading=\"lazy\" decoding=\"async\" class=\"aligncenter size-full wp-image-332899\" src=\"https:\/\/hashtag.al\/wp-content\/uploads\/2019\/11\/Holandetrans.jpg\" alt=\"\" width=\"980\" height=\"551\" srcset=\"https:\/\/www.hashtag.al\/wp-content\/uploads\/2019\/11\/Holandetrans.jpg 980w, https:\/\/www.hashtag.al\/wp-content\/uploads\/2019\/11\/Holandetrans-300x169.jpg 300w, https:\/\/www.hashtag.al\/wp-content\/uploads\/2019\/11\/Holandetrans-768x432.jpg 768w\" sizes=\"auto, (max-width: 980px) 100vw, 980px\" \/><\/p>\n<p><span style=\"color: #000000;\">Nj\u00eb qytet jasht\u00eb Amsterdamit krenohet se ka n\u00eb m\u00ebnyr\u00eb unike vij\u00ebzimin e rrug\u00ebs p\u00ebr transgjinor\u00ebt. <\/span><\/p>\n<p><span style=\"color: #000000;\">Kryq\u00ebzimi shum\u00ebngjyr\u00ebsh i ka l\u00ebn\u00eb p\u00ebrdoruesit e mediave sociale t\u00eb habitur. Almere hapi vendkalimin p\u00ebr k\u00ebmb\u00ebsor\u00eb me tre ngjyra, n\u00eb nj\u00eb shfaqje mb\u00ebshtetjeje p\u00ebr njer\u00ebzit transgjinor\u00eb. <\/span><\/p>\n<p><span style=\"color: #000000;\">Me sa duket e para e k\u00ebtij lloji, kryq\u00ebzimi \u00ebsht\u00eb pikturuar roz\u00eb p\u00ebr vajza, blu p\u00ebr djem dhe t\u00eb bardh\u00eb p\u00ebr ata q\u00eb mendojn\u00eb se seksi i tyre biologjik nuk reflekton se kush jan\u00eb n\u00eb t\u00eb v\u00ebrtet\u00eb.<\/span><\/p>\n<p><span style=\"color: #000000;\">Alderman Jerzy Soetekouw tha gjat\u00eb ceremonis\u00eb s\u00eb hapjes s\u00eb kryq\u00ebzimit se \u2018t\u00eb gjith\u00eb mund t\u00eb jen\u00eb ata q\u00eb duan t\u00eb jen\u00eb\u2019 n\u00eb Almere.<\/span><\/p>\n<p><span style=\"color: #000000;\"><em>&#8220;Almere \u00ebsht\u00eb nj\u00eb qytet ku t\u00eb gjith\u00eb mund t\u00eb ndjehen t\u00eb vler\u00ebsuar, p\u00ebrfshir\u00eb komunitetin LGBT,\u2019<\/em> shtoi ai.<\/span><\/p>\n<p><span style=\"color: #000000;\">Nd\u00ebrkoh\u00eb nuk kan\u00eb munguar komentet n\u00eb rrjetet sociale ku shum\u00eb p\u00ebrdorues pyesnin n\u00ebse personar hetero mund t\u00eb kalojn\u00eb aty.<\/span><\/p>\n<div style=\"width: 1170px;\" class=\"wp-video\"><video class=\"wp-video-shortcode\" id=\"video-332898-1\" width=\"1170\" height=\"658\" preload=\"metadata\" controls=\"controls\"><source type=\"video\/mp4\" src=\"https:\/\/hashtag.al\/wp-content\/uploads\/2019\/11\/Worlds-first-transgender-crosswalk.-Almere-Netherlands.-To-be-officially-opened-by-@Jer.mp4?_=1\" \/><a href=\"https:\/\/hashtag.al\/wp-content\/uploads\/2019\/11\/Worlds-first-transgender-crosswalk.-Almere-Netherlands.-To-be-officially-opened-by-@Jer.mp4\">https:\/\/hashtag.al\/wp-content\/uploads\/2019\/11\/Worlds-first-transgender-crosswalk.-Almere-Netherlands.-To-be-officially-opened-by-@Jer.mp4<\/a><\/video><\/div>\n","protected":false,"gt_translate_keys":[{"key":"rendered","format":"html"}]},"excerpt":{"rendered":"<p>Nj\u00eb qytet jasht\u00eb Amsterdamit krenohet se ka n\u00eb m\u00ebnyr\u00eb unike vij\u00ebzimin e rrug\u00ebs p\u00ebr transgjinor\u00ebt. Kryq\u00ebzimi shum\u00ebngjyr\u00ebsh i ka l\u00ebn\u00eb p\u00ebrdoruesit e mediave sociale t\u00eb habitur. Almere hapi vendkalimin p\u00ebr k\u00ebmb\u00ebsor\u00eb me tre ngjyra, n\u00eb nj\u00eb shfaqje mb\u00ebshtetjeje p\u00ebr njer\u00ebzit transgjinor\u00eb. Me sa duket e para e k\u00ebtij lloji, kryq\u00ebzimi \u00ebsht\u00eb pikturuar roz\u00eb p\u00ebr vajza, [&hellip;]<\/p>\n","protected":false,"gt_translate_keys":[{"key":"rendered","format":"html"}]},"author":51,"featured_media":332899,"comment_status":"open","ping_status":"open","sticky":false,"template":"","format":"standard","meta":{"footnotes":""},"categories":[53],"tags":[],"class_list":["post-332898","post","type-post","status-publish","format-standard","has-post-thumbnail","hentry","category-fast-foodi"],"gt_translate_keys":[{"key":"link","format":"url"}],"_links":{"self":[{"href":"https:\/\/www.hashtag.al\/index.php\/wp-json\/wp\/v2\/posts\/332898","targetHints":{"allow":["GET"]}}],"collection":[{"href":"https:\/\/www.hashtag.al\/index.php\/wp-json\/wp\/v2\/posts"}],"about":[{"href":"https:\/\/www.hashtag.al\/index.php\/wp-json\/wp\/v2\/types\/post"}],"author":[{"embeddable":true,"href":"https:\/\/www.hashtag.al\/index.php\/wp-json\/wp\/v2\/users\/51"}],"replies":[{"embeddable":true,"href":"https:\/\/www.hashtag.al\/index.php\/wp-json\/wp\/v2\/comments?post=332898"}],"version-history":[{"count":0,"href":"https:\/\/www.hashtag.al\/index.php\/wp-json\/wp\/v2\/posts\/332898\/revisions"}],"wp:featuredmedia":[{"embeddable":true,"href":"https:\/\/www.hashtag.al\/index.php\/wp-json\/wp\/v2\/media\/332899"}],"wp:attachment":[{"href":"https:\/\/www.hashtag.al\/index.php\/wp-json\/wp\/v2\/media?parent=332898"}],"wp:term":[{"taxonomy":"category","embeddable":true,"href":"https:\/\/www.hashtag.al\/index.php\/wp-json\/wp\/v2\/categories?post=332898"},{"taxonomy":"post_tag","embeddable":true,"href":"https:\/\/www.hashtag.al\/index.php\/wp-json\/wp\/v2\/tags?post=332898"}],"curies":[{"name":"wp","href":"https:\/\/api.w.org\/{rel}","templated":true}]}}