{"id":332804,"date":"2019-11-08T13:42:58","date_gmt":"2019-11-08T12:42:58","guid":{"rendered":"https:\/\/hashtag.al\/?p=332804"},"modified":"2019-11-08T13:48:56","modified_gmt":"2019-11-08T12:48:56","slug":"te-frymezuar-nga-la-casa-de-papel-arrestohen-tre-te-rinj-shqiptare-ne-spanje-te-dyshuar-per-30-grabitje-video","status":"publish","type":"post","link":"https:\/\/www.hashtag.al\/index.php\/2019\/11\/08\/te-frymezuar-nga-la-casa-de-papel-arrestohen-tre-te-rinj-shqiptare-ne-spanje-te-dyshuar-per-30-grabitje-video\/","title":{"rendered":"T\u00eb frym\u00ebzuar nga \u201cLa Casa de Papel\u201d, arrestohen tre t\u00eb rinj shqiptar\u00eb n\u00eb Spanj\u00eb t\u00eb dyshuar p\u00ebr 30 grabitje (VIDEO)","gt_translate_keys":[{"key":"rendered","format":"text"}]},"content":{"rendered":"<p><a href=\"https:\/\/hashtag.al\/wp-content\/uploads\/2019\/11\/kosovares7-7_g.jpg\"><img loading=\"lazy\" decoding=\"async\" class=\"aligncenter size-full wp-image-332808\" src=\"https:\/\/hashtag.al\/wp-content\/uploads\/2019\/11\/kosovares7-7_g.jpg\" alt=\"\" width=\"1000\" height=\"667\" srcset=\"https:\/\/www.hashtag.al\/wp-content\/uploads\/2019\/11\/kosovares7-7_g.jpg 1000w, https:\/\/www.hashtag.al\/wp-content\/uploads\/2019\/11\/kosovares7-7_g-300x200.jpg 300w, https:\/\/www.hashtag.al\/wp-content\/uploads\/2019\/11\/kosovares7-7_g-768x512.jpg 768w\" sizes=\"auto, (max-width: 1000px) 100vw, 1000px\" \/><\/a><\/p>\n<p><span style=\"color: #000000;\">Disa shqiptar\u00eb jan\u00eb arrestuar n\u00eb Spanj\u00eb, pas akuzave p\u00ebr grabitje. <span style=\"color: #0000ff;\"><a style=\"color: #0000ff;\" href=\"https:\/\/www.farodevigo.es\/portada-pontevedra\/2019\/11\/07\/margarita-salas-muere\/2198863.html?utm_medium=rss\">Mediat<\/a> <\/span>spanjolle shkruajn\u00eb se b\u00ebhet fjal\u00eb p\u00ebr nj\u00eb grup t\u00eb rreziksh\u00ebm kriminal, q\u00eb kishte kryer deri n\u00eb 30 grabitje n\u00eb sht\u00ebpit\u00eb e spanjoll\u00ebve, t\u00eb cil\u00ebt si\u00e7 duket ishin frym\u00ebzuar nga seriali &#8220;La Casa De Papel&#8221;, pasi kishin vendosur maska t\u00eb Salvador Gali, identike me ato q\u00eb shfaqen n\u00eb film.<\/span><\/p>\n<p><span style=\"color: #000000;\">Tre shqiptar\u00ebt e arrestuar jan\u00eb t\u00eb mosh\u00ebs 19, 29 dhe nj\u00eb vajz\u00eb 23 vje\u00e7e. Operacioni p\u00ebr arrestimin e tyre u zhvillua n\u00eb Lerezi, ku ata banonin n\u00eb nj\u00eb sht\u00ebpi me qira n\u00eb rrug\u00ebn Tablada. Fqinj\u00ebt u befasuan nga numri i madh i forcave t\u00eb policis\u00eb.<em>\u00a0&#8220;Ishte si nj\u00eb film&#8221;<\/em>, than\u00eb ata.<\/span><\/p>\n<p><span style=\"color: #000000;\">Makinat q\u00eb p\u00ebrdornin dy djemt\u00eb shqiptar\u00eb kishin targa false, t\u00eb cilat v\u00ebshtir\u00ebsonin identifikimin e tyre. Pasi realizonin vjedhjen e radh\u00ebs ata ktheheshin n\u00eb Shqip\u00ebri, p\u00ebr t&#8217;u rikthyer s\u00ebrish n\u00eb Spanj\u00eb p\u00ebrmes identiteteve t\u00eb rreme.<\/span><a href=\"https:\/\/hashtag.al\/wp-content\/uploads\/2019\/11\/kosovares8-8_g.jpg\"><img loading=\"lazy\" decoding=\"async\" class=\"aligncenter size-full wp-image-332807\" src=\"https:\/\/hashtag.al\/wp-content\/uploads\/2019\/11\/kosovares8-8_g.jpg\" alt=\"\" width=\"1000\" height=\"667\" srcset=\"https:\/\/www.hashtag.al\/wp-content\/uploads\/2019\/11\/kosovares8-8_g.jpg 1000w, https:\/\/www.hashtag.al\/wp-content\/uploads\/2019\/11\/kosovares8-8_g-300x200.jpg 300w, https:\/\/www.hashtag.al\/wp-content\/uploads\/2019\/11\/kosovares8-8_g-768x512.jpg 768w\" sizes=\"auto, (max-width: 1000px) 100vw, 1000px\" \/><\/a><\/p>\n<p><span style=\"color: #000000;\">Dy t\u00eb rinjt\u00eb kishin ngjallur dyshime te policia spanjolle dhe n\u00eb koh\u00ebn kur ata u vizituan nga nj\u00eb vajz\u00eb 23-vje\u00e7are, e cila q\u00ebndroi tek ata p\u00ebr vet\u00ebm dy dit\u00eb, ajo u p\u00ebrgjua dhe u ndalua n\u00eb aeroport ku iu gjet\u00ebn disa bizhuteri.<\/span><\/p>\n<p><span style=\"color: #000000;\">Sipas hetimeve, dy shqiptar\u00ebt nuk kryenin ndonj\u00eb aktivitet pune dhe arsyeja e q\u00ebndrimit t\u00eb tyre, mund t\u00eb ishte p\u00ebr shkak t\u00eb grabitjeve. Pas arrestimit t\u00eb vajz\u00ebs, policia b\u00ebri t\u00eb mundur edhe arrestimin e dy djemve. Identiteti i tyre nuk \u00ebsht\u00eb b\u00ebr\u00eb ende i ditur.<\/span><\/p>\n<p><span style=\"color: #000000;\">Grabitjet p\u00ebr t\u00eb cilat akuzohen shqiptar\u00ebt kan\u00eb ndodhur n\u00eb qytetet Oleiros, Teo, Ames, Ordes, Cangas de Morrazo, Ponteareas, Fornelos de Montes, Barro, Allariz, Pereiro de Aguiar ose Nadela.<\/span><\/p>\n<div style=\"width: 640px;\" class=\"wp-video\"><video class=\"wp-video-shortcode\" id=\"video-332804-1\" width=\"640\" height=\"360\" preload=\"metadata\" controls=\"controls\"><source type=\"video\/mp4\" src=\"https:\/\/hashtag.al\/wp-content\/uploads\/2019\/11\/Sucesos-en-Pontevedra-M\u00e1scaras-de-Dal\u00ed-y-caricias-al-perro-as\u00ed-actuaba-el-grupo-alban\u00e9s-desarticulado-Faro-de-Vigo.mp4?_=1\" \/><a href=\"https:\/\/hashtag.al\/wp-content\/uploads\/2019\/11\/Sucesos-en-Pontevedra-M\u00e1scaras-de-Dal\u00ed-y-caricias-al-perro-as\u00ed-actuaba-el-grupo-alban\u00e9s-desarticulado-Faro-de-Vigo.mp4\">https:\/\/hashtag.al\/wp-content\/uploads\/2019\/11\/Sucesos-en-Pontevedra-M\u00e1scaras-de-Dal\u00ed-y-caricias-al-perro-as\u00ed-actuaba-el-grupo-alban\u00e9s-desarticulado-Faro-de-Vigo.mp4<\/a><\/video><\/div>\n<p>&nbsp;<\/p>\n","protected":false,"gt_translate_keys":[{"key":"rendered","format":"html"}]},"excerpt":{"rendered":"<p>Disa shqiptar\u00eb jan\u00eb arrestuar n\u00eb Spanj\u00eb, pas akuzave p\u00ebr grabitje. Mediat spanjolle shkruajn\u00eb se b\u00ebhet fjal\u00eb p\u00ebr nj\u00eb grup t\u00eb rreziksh\u00ebm kriminal, q\u00eb kishte kryer deri n\u00eb 30 grabitje n\u00eb sht\u00ebpit\u00eb e spanjoll\u00ebve, t\u00eb cil\u00ebt si\u00e7 duket ishin frym\u00ebzuar nga seriali &#8220;La Casa De Papel&#8221;, pasi kishin vendosur maska t\u00eb Salvador Gali, identike me ato [&hellip;]<\/p>\n","protected":false,"gt_translate_keys":[{"key":"rendered","format":"html"}]},"author":30,"featured_media":332812,"comment_status":"open","ping_status":"open","sticky":false,"template":"","format":"standard","meta":{"footnotes":""},"categories":[65,13],"tags":[],"class_list":["post-332804","post","type-post","status-publish","format-standard","has-post-thumbnail","hentry","category-lajme","category-te-fundit"],"gt_translate_keys":[{"key":"link","format":"url"}],"_links":{"self":[{"href":"https:\/\/www.hashtag.al\/index.php\/wp-json\/wp\/v2\/posts\/332804","targetHints":{"allow":["GET"]}}],"collection":[{"href":"https:\/\/www.hashtag.al\/index.php\/wp-json\/wp\/v2\/posts"}],"about":[{"href":"https:\/\/www.hashtag.al\/index.php\/wp-json\/wp\/v2\/types\/post"}],"author":[{"embeddable":true,"href":"https:\/\/www.hashtag.al\/index.php\/wp-json\/wp\/v2\/users\/30"}],"replies":[{"embeddable":true,"href":"https:\/\/www.hashtag.al\/index.php\/wp-json\/wp\/v2\/comments?post=332804"}],"version-history":[{"count":0,"href":"https:\/\/www.hashtag.al\/index.php\/wp-json\/wp\/v2\/posts\/332804\/revisions"}],"wp:featuredmedia":[{"embeddable":true,"href":"https:\/\/www.hashtag.al\/index.php\/wp-json\/wp\/v2\/media\/332812"}],"wp:attachment":[{"href":"https:\/\/www.hashtag.al\/index.php\/wp-json\/wp\/v2\/media?parent=332804"}],"wp:term":[{"taxonomy":"category","embeddable":true,"href":"https:\/\/www.hashtag.al\/index.php\/wp-json\/wp\/v2\/categories?post=332804"},{"taxonomy":"post_tag","embeddable":true,"href":"https:\/\/www.hashtag.al\/index.php\/wp-json\/wp\/v2\/tags?post=332804"}],"curies":[{"name":"wp","href":"https:\/\/api.w.org\/{rel}","templated":true}]}}