{"id":332731,"date":"2019-11-08T09:00:00","date_gmt":"2019-11-08T08:00:00","guid":{"rendered":"https:\/\/hashtag.al\/?p=332731"},"modified":"2019-11-07T23:56:23","modified_gmt":"2019-11-07T22:56:23","slug":"9-shtete-te-be-se-kerkojne-rritjen-e-taksave-te-aviacionit","status":"publish","type":"post","link":"https:\/\/www.hashtag.al\/index.php\/2019\/11\/08\/9-shtete-te-be-se-kerkojne-rritjen-e-taksave-te-aviacionit\/","title":{"rendered":"9 shtete t\u00eb BE-s\u00eb k\u00ebrkojn\u00eb rritjen e taksave t\u00eb aviacionit","gt_translate_keys":[{"key":"rendered","format":"text"}]},"content":{"rendered":"<p><img loading=\"lazy\" decoding=\"async\" class=\"aligncenter size-full wp-image-332732\" src=\"https:\/\/hashtag.al\/wp-content\/uploads\/2019\/11\/av-2-600x360.jpg\" alt=\"\" width=\"600\" height=\"360\" srcset=\"https:\/\/www.hashtag.al\/wp-content\/uploads\/2019\/11\/av-2-600x360.jpg 600w, https:\/\/www.hashtag.al\/wp-content\/uploads\/2019\/11\/av-2-600x360-300x180.jpg 300w\" sizes=\"auto, (max-width: 600px) 100vw, 600px\" \/><\/p>\n<p><span style=\"color: #000000;\">N\u00ebnt\u00eb vende t\u00eb Bashkimit Evropian kan\u00eb bashkuar forcat dhe k\u00ebrkuan nj\u00eb aviacion m\u00eb t\u00eb past\u00ebr n\u00eb Europ\u00eb, nj\u00eb nga mjetet e transportit m\u00eb ndot\u00ebse, q\u00eb ata mendojn\u00eb se nuk taksohet mjaftuesh\u00ebm.<\/span><\/p>\n<p><span style=\"color: #000000;\">Franca, Gjermania, Italia, tre vendet e Beneluksit, Suedia, Danimarka dhe Bullgaria i kan\u00eb k\u00ebrkuar Komisionit Europian t\u00eb propozoj\u00eb masa t\u00eb reja p\u00ebr k\u00ebt\u00eb sektor, por pa k\u00ebrkuar nj\u00eb taks\u00eb specifike mbi ndotjen.<\/span><\/p>\n<p><span style=\"color: #000000;\">Kjo deklarat\u00eb, me iniciativ\u00eb t\u00eb Holand\u00ebs dhe n\u00ebnshkruar nga ministrat e Financave t\u00eb k\u00ebtyre n\u00ebnt\u00eb vendeve, u publikua t\u00eb pakt\u00ebn nj\u00eb muaj nga data e parashikuar p\u00ebr hyrjen n\u00eb funksion t\u00eb Komisionit t\u00eb ri Europian drejtuar nga gjermanja, Ursula von der Leyen.<\/span><\/p>\n<p><span style=\"color: #000000;\">\u201cNe i k\u00ebrkojm\u00eb Komisionit t\u00eb ri Europian t\u00eb avancoj\u00eb debatin mbi tarifimin e aviacionit civil, p\u00ebrshembull p\u00ebrmes masave fiskale specifike ose politika t\u00eb ngjashme\u201d, shkruajn\u00eb ato.<\/span><\/p>\n<p><span style=\"color: #000000;\">\u201cN\u00eb raport me m\u00ebnyrat e tjera t\u00eb transportit, aviacioni civil nuk p\u00ebrdoret mjaftuesh\u00ebm\u201d, theksojn\u00eb ato.<\/span><\/p>\n<p><span style=\"color: #000000;\">Kompanit\u00eb ajrore n\u00eb mbar\u00eb bot\u00ebn jan\u00eb kursyer nga taksat e larta mbi karburantin dhe l\u00ebnd\u00ebt e tjera djeg\u00ebse.<\/span><\/p>\n<p><span style=\"color: #000000;\">\u201c\u00c7mimi i biletave t\u00eb avionit p\u00ebr fluturimet nd\u00ebrkomb\u00ebtare nuk reflekton mjaftuesh\u00ebm koston mesatare t\u00eb emetimeve t\u00eb CO2 dhe pasojave negative t\u00eb transportit ajror\u201d, konstatojn\u00eb ministrat n\u00eb deklarat\u00ebn e tyre.<\/span><\/p>\n","protected":false,"gt_translate_keys":[{"key":"rendered","format":"html"}]},"excerpt":{"rendered":"<p>N\u00ebnt\u00eb vende t\u00eb Bashkimit Evropian kan\u00eb bashkuar forcat dhe k\u00ebrkuan nj\u00eb aviacion m\u00eb t\u00eb past\u00ebr n\u00eb Europ\u00eb, nj\u00eb nga mjetet e transportit m\u00eb ndot\u00ebse, q\u00eb ata mendojn\u00eb se nuk taksohet mjaftuesh\u00ebm. Franca, Gjermania, Italia, tre vendet e Beneluksit, Suedia, Danimarka dhe Bullgaria i kan\u00eb k\u00ebrkuar Komisionit Europian t\u00eb propozoj\u00eb masa t\u00eb reja p\u00ebr k\u00ebt\u00eb sektor, [&hellip;]<\/p>\n","protected":false,"gt_translate_keys":[{"key":"rendered","format":"html"}]},"author":32,"featured_media":332732,"comment_status":"open","ping_status":"open","sticky":false,"template":"","format":"standard","meta":{"footnotes":""},"categories":[6,13],"tags":[],"class_list":["post-332731","post","type-post","status-publish","format-standard","has-post-thumbnail","hentry","category-nderkombetare","category-te-fundit"],"gt_translate_keys":[{"key":"link","format":"url"}],"_links":{"self":[{"href":"https:\/\/www.hashtag.al\/index.php\/wp-json\/wp\/v2\/posts\/332731","targetHints":{"allow":["GET"]}}],"collection":[{"href":"https:\/\/www.hashtag.al\/index.php\/wp-json\/wp\/v2\/posts"}],"about":[{"href":"https:\/\/www.hashtag.al\/index.php\/wp-json\/wp\/v2\/types\/post"}],"author":[{"embeddable":true,"href":"https:\/\/www.hashtag.al\/index.php\/wp-json\/wp\/v2\/users\/32"}],"replies":[{"embeddable":true,"href":"https:\/\/www.hashtag.al\/index.php\/wp-json\/wp\/v2\/comments?post=332731"}],"version-history":[{"count":0,"href":"https:\/\/www.hashtag.al\/index.php\/wp-json\/wp\/v2\/posts\/332731\/revisions"}],"wp:featuredmedia":[{"embeddable":true,"href":"https:\/\/www.hashtag.al\/index.php\/wp-json\/wp\/v2\/media\/332732"}],"wp:attachment":[{"href":"https:\/\/www.hashtag.al\/index.php\/wp-json\/wp\/v2\/media?parent=332731"}],"wp:term":[{"taxonomy":"category","embeddable":true,"href":"https:\/\/www.hashtag.al\/index.php\/wp-json\/wp\/v2\/categories?post=332731"},{"taxonomy":"post_tag","embeddable":true,"href":"https:\/\/www.hashtag.al\/index.php\/wp-json\/wp\/v2\/tags?post=332731"}],"curies":[{"name":"wp","href":"https:\/\/api.w.org\/{rel}","templated":true}]}}