{"id":332282,"date":"2019-11-05T14:58:59","date_gmt":"2019-11-05T13:58:59","guid":{"rendered":"https:\/\/hashtag.al\/?p=332282"},"modified":"2019-11-05T14:58:59","modified_gmt":"2019-11-05T13:58:59","slug":"nuk-di-qe-alvini-te-jete-nxjerre-nga-kampi-sirian-cfare-thote-afrim-berisha","status":"publish","type":"post","link":"https:\/\/www.hashtag.al\/index.php\/2019\/11\/05\/nuk-di-qe-alvini-te-jete-nxjerre-nga-kampi-sirian-cfare-thote-afrim-berisha\/","title":{"rendered":"&#8220;Nuk di q\u00eb Alvini t\u00eb jet\u00eb nxjerr\u00eb nga kampi sirian&#8221; &#8211; \u00c7far\u00eb thot\u00eb Afrim Berisha","gt_translate_keys":[{"key":"rendered","format":"text"}]},"content":{"rendered":"<p><img loading=\"lazy\" decoding=\"async\" class=\"aligncenter size-full wp-image-332283\" src=\"https:\/\/hashtag.al\/wp-content\/uploads\/2019\/11\/alvinafrim.jpg\" alt=\"\" width=\"1600\" height=\"1200\" srcset=\"https:\/\/www.hashtag.al\/wp-content\/uploads\/2019\/11\/alvinafrim.jpg 1600w, https:\/\/www.hashtag.al\/wp-content\/uploads\/2019\/11\/alvinafrim-300x225.jpg 300w, https:\/\/www.hashtag.al\/wp-content\/uploads\/2019\/11\/alvinafrim-768x576.jpg 768w, https:\/\/www.hashtag.al\/wp-content\/uploads\/2019\/11\/alvinafrim-1024x768.jpg 1024w\" sizes=\"auto, (max-width: 1600px) 100vw, 1600px\" \/><\/p>\n<p><span style=\"color: #000000;\">Babai i 11 vjecarit, Alvin Berisha, Afrimi ka mohuar t\u00eb ket\u00eb dijeni se djali i tij \u00ebsht\u00eb nxjerr\u00eb nga kampi sirian ku q\u00ebndronte prej koh\u00ebsh.<\/span><\/p>\n<p><span style=\"color: #000000;\"> I kontaktuar nga \u2018Syri.net\u2019\u00a0 tha se nuk ka dijeni lidhur me nxjerrjen e t\u00eb birit nga kampi, si\u00e7 u raportua sot n\u00eb disa media.<\/span><\/p>\n<p><span style=\"color: #000000;\">Afrim Berisha deklaroi se nuk ka asnje informacion q\u00eb i biri t\u00eb ket\u00eb dal\u00eb nga kampi pasi asnj\u00eb shoqat\u00eb, institiucion apo individ nuk e ka kontaktuar p\u00ebr ta informuar<\/span><\/p>\n<p><em>\u2018S\u2019e di \u00e7far\u00eb kan\u00eb publikuar mediat por nuk jam dijeni q\u00eb Alvini t\u00eb jet\u00eb larguar nga kampi n\u00eb Siri.\u2019<\/em> &#8211; tha ai raporton Syri.net<\/p>\n","protected":false,"gt_translate_keys":[{"key":"rendered","format":"html"}]},"excerpt":{"rendered":"<p>Babai i 11 vjecarit, Alvin Berisha, Afrimi ka mohuar t\u00eb ket\u00eb dijeni se djali i tij \u00ebsht\u00eb nxjerr\u00eb nga kampi sirian ku q\u00ebndronte prej koh\u00ebsh. I kontaktuar nga \u2018Syri.net\u2019\u00a0 tha se nuk ka dijeni lidhur me nxjerrjen e t\u00eb birit nga kampi, si\u00e7 u raportua sot n\u00eb disa media. Afrim Berisha deklaroi se nuk ka [&hellip;]<\/p>\n","protected":false,"gt_translate_keys":[{"key":"rendered","format":"html"}]},"author":51,"featured_media":332283,"comment_status":"open","ping_status":"open","sticky":false,"template":"","format":"standard","meta":{"footnotes":""},"categories":[65,13],"tags":[],"class_list":["post-332282","post","type-post","status-publish","format-standard","has-post-thumbnail","hentry","category-lajme","category-te-fundit"],"gt_translate_keys":[{"key":"link","format":"url"}],"_links":{"self":[{"href":"https:\/\/www.hashtag.al\/index.php\/wp-json\/wp\/v2\/posts\/332282","targetHints":{"allow":["GET"]}}],"collection":[{"href":"https:\/\/www.hashtag.al\/index.php\/wp-json\/wp\/v2\/posts"}],"about":[{"href":"https:\/\/www.hashtag.al\/index.php\/wp-json\/wp\/v2\/types\/post"}],"author":[{"embeddable":true,"href":"https:\/\/www.hashtag.al\/index.php\/wp-json\/wp\/v2\/users\/51"}],"replies":[{"embeddable":true,"href":"https:\/\/www.hashtag.al\/index.php\/wp-json\/wp\/v2\/comments?post=332282"}],"version-history":[{"count":0,"href":"https:\/\/www.hashtag.al\/index.php\/wp-json\/wp\/v2\/posts\/332282\/revisions"}],"wp:featuredmedia":[{"embeddable":true,"href":"https:\/\/www.hashtag.al\/index.php\/wp-json\/wp\/v2\/media\/332283"}],"wp:attachment":[{"href":"https:\/\/www.hashtag.al\/index.php\/wp-json\/wp\/v2\/media?parent=332282"}],"wp:term":[{"taxonomy":"category","embeddable":true,"href":"https:\/\/www.hashtag.al\/index.php\/wp-json\/wp\/v2\/categories?post=332282"},{"taxonomy":"post_tag","embeddable":true,"href":"https:\/\/www.hashtag.al\/index.php\/wp-json\/wp\/v2\/tags?post=332282"}],"curies":[{"name":"wp","href":"https:\/\/api.w.org\/{rel}","templated":true}]}}