{"id":332277,"date":"2019-11-05T14:44:03","date_gmt":"2019-11-05T13:44:03","guid":{"rendered":"https:\/\/hashtag.al\/?p=332277"},"modified":"2019-11-05T15:06:14","modified_gmt":"2019-11-05T14:06:14","slug":"alvin-berisha-nxirret-nga-kampi-ne-siri-se-shpejti-bashkohet-me-te-atin-ne-itali","status":"publish","type":"post","link":"https:\/\/www.hashtag.al\/index.php\/2019\/11\/05\/alvin-berisha-nxirret-nga-kampi-ne-siri-se-shpejti-bashkohet-me-te-atin-ne-itali\/","title":{"rendered":"Alvin Berisha nxirret nga kampi n\u00eb Siri, s\u00eb shpejti bashkohet me t\u00eb atin n\u00eb Itali","gt_translate_keys":[{"key":"rendered","format":"text"}]},"content":{"rendered":"<p><span style=\"color: #000000;\"><img loading=\"lazy\" decoding=\"async\" class=\"aligncenter size-full wp-image-332278\" src=\"https:\/\/hashtag.al\/wp-content\/uploads\/2019\/11\/alvin-berisha.jpg\" alt=\"\" width=\"590\" height=\"354\" srcset=\"https:\/\/www.hashtag.al\/wp-content\/uploads\/2019\/11\/alvin-berisha.jpg 590w, https:\/\/www.hashtag.al\/wp-content\/uploads\/2019\/11\/alvin-berisha-300x180.jpg 300w\" sizes=\"auto, (max-width: 590px) 100vw, 590px\" \/><\/span><\/p>\n<p><span style=\"color: #000000;\">Vog\u00eblushi Alvin Berisha \u00ebsht\u00eb nxjerr\u00eb nga kampi i Al-Hol n\u00eb Siri dhe ka nisur rrug\u00ebtimin drejt Italis\u00eb ku do bashkohet me t\u00eb atin, Afrim Berisha. <\/span><\/p>\n<p><span style=\"color: #000000;\">Sipas &#8216;Report TV&#8217;, q\u00eb citon mediat n\u00eb gjuh\u00ebn arabe, 11-vje\u00e7ari \u00ebsht\u00eb nxjerr\u00eb nga kampi e \u00ebsht\u00eb d\u00ebrguar n\u00eb nj\u00eb vend t\u00eb sigurt prej nga ku do udh\u00ebtoj\u00eb drejt Italis\u00eb.<\/span><\/p>\n<p><span style=\"color: #000000;\">N\u00eb aksionin p\u00ebr shp\u00ebtimin e t\u00eb miturit, kan\u00eb marr\u00eb pjes\u00eb \u2018Gjysm\u00eb H\u00ebna\u2019 e Siris\u00eb, \u2018Kryqi i Kuq\u2019 dhe autoritet italiane.<\/span><\/p>\n<p><span style=\"color: #000000;\">Alvin Berisha ndodhej n\u00eb Siri q\u00eb prej vitit 2014, kur e \u00ebma, Valbona Berisha, q\u00eb jetonte asokohe n\u00eb Itali bashk\u00eb me bashk\u00ebshortin Afrim Berisha dhe 3 f\u00ebmij\u00ebt e \u00e7iftit, e rr\u00ebmbeu dhe i largua n\u00eb Siri p\u00ebr t\u2019u bashkuar me ISIS-in. <\/span><\/p>\n<p><span style=\"color: #000000;\">Ajo humbi jet\u00ebn n\u00eb nj\u00eb shp\u00ebrthim bashk\u00eb me bashk\u00ebshortin e ri me t\u00eb cilin u martua n\u00eb Siri nd\u00ebrsa Alvini mbeti atje q\u00eb prej asaj kohe.<\/span><\/p>\n","protected":false,"gt_translate_keys":[{"key":"rendered","format":"html"}]},"excerpt":{"rendered":"<p>Vog\u00eblushi Alvin Berisha \u00ebsht\u00eb nxjerr\u00eb nga kampi i Al-Hol n\u00eb Siri dhe ka nisur rrug\u00ebtimin drejt Italis\u00eb ku do bashkohet me t\u00eb atin, Afrim Berisha. Sipas &#8216;Report TV&#8217;, q\u00eb citon mediat n\u00eb gjuh\u00ebn arabe, 11-vje\u00e7ari \u00ebsht\u00eb nxjerr\u00eb nga kampi e \u00ebsht\u00eb d\u00ebrguar n\u00eb nj\u00eb vend t\u00eb sigurt prej nga ku do udh\u00ebtoj\u00eb drejt Italis\u00eb. N\u00eb [&hellip;]<\/p>\n","protected":false,"gt_translate_keys":[{"key":"rendered","format":"html"}]},"author":51,"featured_media":332278,"comment_status":"open","ping_status":"open","sticky":false,"template":"","format":"standard","meta":{"footnotes":""},"categories":[65,13],"tags":[],"class_list":["post-332277","post","type-post","status-publish","format-standard","has-post-thumbnail","hentry","category-lajme","category-te-fundit"],"gt_translate_keys":[{"key":"link","format":"url"}],"_links":{"self":[{"href":"https:\/\/www.hashtag.al\/index.php\/wp-json\/wp\/v2\/posts\/332277","targetHints":{"allow":["GET"]}}],"collection":[{"href":"https:\/\/www.hashtag.al\/index.php\/wp-json\/wp\/v2\/posts"}],"about":[{"href":"https:\/\/www.hashtag.al\/index.php\/wp-json\/wp\/v2\/types\/post"}],"author":[{"embeddable":true,"href":"https:\/\/www.hashtag.al\/index.php\/wp-json\/wp\/v2\/users\/51"}],"replies":[{"embeddable":true,"href":"https:\/\/www.hashtag.al\/index.php\/wp-json\/wp\/v2\/comments?post=332277"}],"version-history":[{"count":0,"href":"https:\/\/www.hashtag.al\/index.php\/wp-json\/wp\/v2\/posts\/332277\/revisions"}],"wp:featuredmedia":[{"embeddable":true,"href":"https:\/\/www.hashtag.al\/index.php\/wp-json\/wp\/v2\/media\/332278"}],"wp:attachment":[{"href":"https:\/\/www.hashtag.al\/index.php\/wp-json\/wp\/v2\/media?parent=332277"}],"wp:term":[{"taxonomy":"category","embeddable":true,"href":"https:\/\/www.hashtag.al\/index.php\/wp-json\/wp\/v2\/categories?post=332277"},{"taxonomy":"post_tag","embeddable":true,"href":"https:\/\/www.hashtag.al\/index.php\/wp-json\/wp\/v2\/tags?post=332277"}],"curies":[{"name":"wp","href":"https:\/\/api.w.org\/{rel}","templated":true}]}}