{"id":332086,"date":"2019-11-04T20:14:57","date_gmt":"2019-11-04T19:14:57","guid":{"rendered":"https:\/\/hashtag.al\/?p=332086"},"modified":"2019-11-04T20:14:57","modified_gmt":"2019-11-04T19:14:57","slug":"bylis-mposht-vllaznine-dhe-merr-vendin-e-dyte","status":"publish","type":"post","link":"https:\/\/www.hashtag.al\/index.php\/2019\/11\/04\/bylis-mposht-vllaznine-dhe-merr-vendin-e-dyte\/","title":{"rendered":"Bylis mposht Vllaznin\u00eb dhe merr vendin e dyt\u00eb","gt_translate_keys":[{"key":"rendered","format":"text"}]},"content":{"rendered":"<p><img loading=\"lazy\" decoding=\"async\" class=\"aligncenter size-full wp-image-332087\" src=\"https:\/\/hashtag.al\/wp-content\/uploads\/2019\/11\/bandicam-2019-11-04-19-59-37-382.jpg\" alt=\"\" width=\"805\" height=\"398\" srcset=\"https:\/\/www.hashtag.al\/wp-content\/uploads\/2019\/11\/bandicam-2019-11-04-19-59-37-382.jpg 805w, https:\/\/www.hashtag.al\/wp-content\/uploads\/2019\/11\/bandicam-2019-11-04-19-59-37-382-300x148.jpg 300w, https:\/\/www.hashtag.al\/wp-content\/uploads\/2019\/11\/bandicam-2019-11-04-19-59-37-382-768x380.jpg 768w\" sizes=\"auto, (max-width: 805px) 100vw, 805px\" \/><\/p>\n<p><span style=\"color: #000000;\">Bylis nuk \u00ebsht\u00eb m\u00eb surpriz\u00eb n\u00eb k\u00ebt\u00eb sezon t\u00eb Superlig\u00ebs.<\/span><\/p>\n<p><span style=\"color: #000000;\">N\u00eb sfid\u00ebn p\u00ebrmbyll\u00ebse t\u00eb k\u00ebsaj jave Bylis mposhti Vllaznin\u00eb n\u00eb Shkod\u00ebr me rezultatin 0-1.<\/span><\/p>\n<p><span style=\"color: #000000;\">Ishte Janku i cili sh\u00ebnoi golin p\u00ebr Ballshiot\u00ebt edhe pse an\u00ebsori e anuloi fillimisht por arbitri kryesor vendosi golin si t\u00eb rregullt.<\/span><\/p>\n<p><span style=\"color: #000000;\">Me k\u00ebt\u00eb fitore Bylis merr vendin e dyt\u00eb.<\/span><\/p>\n","protected":false,"gt_translate_keys":[{"key":"rendered","format":"html"}]},"excerpt":{"rendered":"<p>Bylis nuk \u00ebsht\u00eb m\u00eb surpriz\u00eb n\u00eb k\u00ebt\u00eb sezon t\u00eb Superlig\u00ebs. N\u00eb sfid\u00ebn p\u00ebrmbyll\u00ebse t\u00eb k\u00ebsaj jave Bylis mposhti Vllaznin\u00eb n\u00eb Shkod\u00ebr me rezultatin 0-1. Ishte Janku i cili sh\u00ebnoi golin p\u00ebr Ballshiot\u00ebt edhe pse an\u00ebsori e anuloi fillimisht por arbitri kryesor vendosi golin si t\u00eb rregullt. Me k\u00ebt\u00eb fitore Bylis merr vendin e dyt\u00eb.<\/p>\n","protected":false,"gt_translate_keys":[{"key":"rendered","format":"html"}]},"author":32,"featured_media":332087,"comment_status":"open","ping_status":"open","sticky":false,"template":"","format":"standard","meta":{"footnotes":""},"categories":[134,13],"tags":[],"class_list":["post-332086","post","type-post","status-publish","format-standard","has-post-thumbnail","hentry","category-sport","category-te-fundit"],"gt_translate_keys":[{"key":"link","format":"url"}],"_links":{"self":[{"href":"https:\/\/www.hashtag.al\/index.php\/wp-json\/wp\/v2\/posts\/332086","targetHints":{"allow":["GET"]}}],"collection":[{"href":"https:\/\/www.hashtag.al\/index.php\/wp-json\/wp\/v2\/posts"}],"about":[{"href":"https:\/\/www.hashtag.al\/index.php\/wp-json\/wp\/v2\/types\/post"}],"author":[{"embeddable":true,"href":"https:\/\/www.hashtag.al\/index.php\/wp-json\/wp\/v2\/users\/32"}],"replies":[{"embeddable":true,"href":"https:\/\/www.hashtag.al\/index.php\/wp-json\/wp\/v2\/comments?post=332086"}],"version-history":[{"count":0,"href":"https:\/\/www.hashtag.al\/index.php\/wp-json\/wp\/v2\/posts\/332086\/revisions"}],"wp:featuredmedia":[{"embeddable":true,"href":"https:\/\/www.hashtag.al\/index.php\/wp-json\/wp\/v2\/media\/332087"}],"wp:attachment":[{"href":"https:\/\/www.hashtag.al\/index.php\/wp-json\/wp\/v2\/media?parent=332086"}],"wp:term":[{"taxonomy":"category","embeddable":true,"href":"https:\/\/www.hashtag.al\/index.php\/wp-json\/wp\/v2\/categories?post=332086"},{"taxonomy":"post_tag","embeddable":true,"href":"https:\/\/www.hashtag.al\/index.php\/wp-json\/wp\/v2\/tags?post=332086"}],"curies":[{"name":"wp","href":"https:\/\/api.w.org\/{rel}","templated":true}]}}