{"id":331918,"date":"2019-11-04T09:38:16","date_gmt":"2019-11-04T08:38:16","guid":{"rendered":"https:\/\/hashtag.al\/?p=331918"},"modified":"2019-11-04T09:41:09","modified_gmt":"2019-11-04T08:41:09","slug":"kryeministri-irlandez-shqiptaret-azilkerkuesit-me-te-medhenj-smund-ta-tolerojme","status":"publish","type":"post","link":"https:\/\/www.hashtag.al\/index.php\/2019\/11\/04\/kryeministri-irlandez-shqiptaret-azilkerkuesit-me-te-medhenj-smund-ta-tolerojme\/","title":{"rendered":"Kryeministri irlandez: Shqiptar\u00ebt azilk\u00ebrkuesit m\u00eb t\u00eb m\u00ebdhenj, s&#8217;mund ta tolerojm\u00eb","gt_translate_keys":[{"key":"rendered","format":"text"}]},"content":{"rendered":"<p><a href=\"https:\/\/hashtag.al\/wp-content\/uploads\/2019\/11\/Varadkar.jpg\"><img loading=\"lazy\" decoding=\"async\" class=\"aligncenter size-full wp-image-331919\" src=\"https:\/\/hashtag.al\/wp-content\/uploads\/2019\/11\/Varadkar.jpg\" alt=\"\" width=\"600\" height=\"338\" srcset=\"https:\/\/www.hashtag.al\/wp-content\/uploads\/2019\/11\/Varadkar.jpg 600w, https:\/\/www.hashtag.al\/wp-content\/uploads\/2019\/11\/Varadkar-300x169.jpg 300w\" sizes=\"auto, (max-width: 600px) 100vw, 600px\" \/><\/a><\/p>\n<p><span style=\"color: #000000;\">Kryeministri i Irland\u00ebs Leo Varadkar thot\u00eb se dy vende t\u00eb Europ\u00ebs Lindore, q\u00ebndrojn\u00eb pas rritjes s\u00eb numrit t\u00eb azilk\u00ebrkuesve n\u00eb vend.<\/span><\/p>\n<p><span style=\"color: #000000;\">Varadkar tha q\u00eb migrant\u00ebt shqiptar\u00eb dhe gjeorgjian\u00eb po udh\u00ebtojn\u00eb p\u00ebr n\u00eb Irland\u00eb me dokumente false, shkruajn\u00eb <span style=\"color: #0000ff;\"><a style=\"color: #0000ff;\" href=\"https:\/\/www.irishexaminer.com\/breakingnews\/ireland\/leo-varadkar-says-georgia-and-albania-driving-rise-in-asylum-seeker-numbers-961488.html\">mediet<\/a> <\/span>irlandeze. <\/span><\/p>\n<p><span style=\"color: #000000;\">Sipas tij ka nj\u00eb rritje prej 60% t\u00eb azilk\u00ebrkuesve n\u00eb Irland\u00eb n\u00eb vitet e fundit, por ka m\u00eb pak azilk\u00ebrkues se 15 ose 20 vjet m\u00eb par\u00eb.<\/span><\/p>\n<p><span style=\"color: #000000;\">Sipas kryeministrit irlandez, nj\u00eb grup prej 460 shtetasish shqiptar\u00eb kan\u00eb k\u00ebrkuar statusin e refugjatit n\u00eb vitin 2018, duke p\u00ebrb\u00ebr\u00eb numrin m\u00eb t\u00eb madh t\u00eb aplikuesve, rreth 13%.<\/span><\/p>\n<p><span style=\"color: #000000;\">N\u00eb vend t\u00eb dyt\u00eb p\u00ebr numrin m\u00eb t\u00eb madh t\u00eb azilk\u00ebrkuesve, vjen Gjeorgjia me 450 t\u00eb till\u00eb (12%) dhe Siria me 330 azilk\u00ebrkues (9%).<\/span><\/p>\n<p><span style=\"color: #000000;\">N\u00eb Irland\u00eb aktualisht jan\u00eb rreth 6,000 njer\u00ebz, n\u00eb faza t\u00eb ndryshme t\u00eb procesit t\u00eb k\u00ebrkimit t\u00eb azilit.<\/span><\/p>\n<p><span style=\"color: #000000;\">Varadkar thot\u00eb q\u00eb do rriten kontrollet n\u00eb aeroporte p\u00ebr t\u00eb ndaluar hyrjen e paligjshme t\u00eb emigrant\u00ebve. Ai shtoi: <em>&#8220;Ka shum\u00eb m\u00ebnyra p\u00ebr t\u00eb hyr\u00eb n\u00eb Irland\u00eb legalisht me viz\u00eb ose leje pune, k\u00ebshtu q\u00eb ne nuk mund t\u00eb tolerojm\u00eb hyrjen e paligjshme.&#8221;<\/em><strong>\/Hashtag.al<\/strong><\/span><\/p>\n<p><a href=\"https:\/\/hashtag.al\/wp-content\/uploads\/2019\/11\/Varadkar.png\"><img loading=\"lazy\" decoding=\"async\" class=\"aligncenter size-full wp-image-331922\" src=\"https:\/\/hashtag.al\/wp-content\/uploads\/2019\/11\/Varadkar.png\" alt=\"\" width=\"680\" height=\"520\" srcset=\"https:\/\/www.hashtag.al\/wp-content\/uploads\/2019\/11\/Varadkar.png 680w, https:\/\/www.hashtag.al\/wp-content\/uploads\/2019\/11\/Varadkar-300x229.png 300w\" sizes=\"auto, (max-width: 680px) 100vw, 680px\" \/><\/a><\/p>\n","protected":false,"gt_translate_keys":[{"key":"rendered","format":"html"}]},"excerpt":{"rendered":"<p>Kryeministri i Irland\u00ebs Leo Varadkar thot\u00eb se dy vende t\u00eb Europ\u00ebs Lindore, q\u00ebndrojn\u00eb pas rritjes s\u00eb numrit t\u00eb azilk\u00ebrkuesve n\u00eb vend. Varadkar tha q\u00eb migrant\u00ebt shqiptar\u00eb dhe gjeorgjian\u00eb po udh\u00ebtojn\u00eb p\u00ebr n\u00eb Irland\u00eb me dokumente false, shkruajn\u00eb mediet irlandeze. Sipas tij ka nj\u00eb rritje prej 60% t\u00eb azilk\u00ebrkuesve n\u00eb Irland\u00eb n\u00eb vitet e fundit, por [&hellip;]<\/p>\n","protected":false,"gt_translate_keys":[{"key":"rendered","format":"html"}]},"author":30,"featured_media":331919,"comment_status":"open","ping_status":"open","sticky":false,"template":"","format":"standard","meta":{"footnotes":""},"categories":[22,65,13],"tags":[],"class_list":["post-331918","post","type-post","status-publish","format-standard","has-post-thumbnail","hentry","category-ballina","category-lajme","category-te-fundit"],"gt_translate_keys":[{"key":"link","format":"url"}],"_links":{"self":[{"href":"https:\/\/www.hashtag.al\/index.php\/wp-json\/wp\/v2\/posts\/331918","targetHints":{"allow":["GET"]}}],"collection":[{"href":"https:\/\/www.hashtag.al\/index.php\/wp-json\/wp\/v2\/posts"}],"about":[{"href":"https:\/\/www.hashtag.al\/index.php\/wp-json\/wp\/v2\/types\/post"}],"author":[{"embeddable":true,"href":"https:\/\/www.hashtag.al\/index.php\/wp-json\/wp\/v2\/users\/30"}],"replies":[{"embeddable":true,"href":"https:\/\/www.hashtag.al\/index.php\/wp-json\/wp\/v2\/comments?post=331918"}],"version-history":[{"count":0,"href":"https:\/\/www.hashtag.al\/index.php\/wp-json\/wp\/v2\/posts\/331918\/revisions"}],"wp:featuredmedia":[{"embeddable":true,"href":"https:\/\/www.hashtag.al\/index.php\/wp-json\/wp\/v2\/media\/331919"}],"wp:attachment":[{"href":"https:\/\/www.hashtag.al\/index.php\/wp-json\/wp\/v2\/media?parent=331918"}],"wp:term":[{"taxonomy":"category","embeddable":true,"href":"https:\/\/www.hashtag.al\/index.php\/wp-json\/wp\/v2\/categories?post=331918"},{"taxonomy":"post_tag","embeddable":true,"href":"https:\/\/www.hashtag.al\/index.php\/wp-json\/wp\/v2\/tags?post=331918"}],"curies":[{"name":"wp","href":"https:\/\/api.w.org\/{rel}","templated":true}]}}