{"id":331915,"date":"2019-11-04T09:24:58","date_gmt":"2019-11-04T08:24:58","guid":{"rendered":"https:\/\/hashtag.al\/?p=331915"},"modified":"2019-11-04T09:24:58","modified_gmt":"2019-11-04T08:24:58","slug":"u-lidh-me-nje-punonjese-shkarkohet-nga-puna-shefi-ekzekutiv-i-mcdonalds","status":"publish","type":"post","link":"https:\/\/www.hashtag.al\/index.php\/2019\/11\/04\/u-lidh-me-nje-punonjese-shkarkohet-nga-puna-shefi-ekzekutiv-i-mcdonalds\/","title":{"rendered":"U lidh me nj\u00eb punonj\u00ebse, shkarkohet nga puna shefi ekzekutiv i McDonald&#8217;s","gt_translate_keys":[{"key":"rendered","format":"text"}]},"content":{"rendered":"<p><a href=\"https:\/\/hashtag.al\/wp-content\/uploads\/2019\/11\/Easterbrook.jpg\"><img loading=\"lazy\" decoding=\"async\" class=\"aligncenter size-full wp-image-331916\" src=\"https:\/\/hashtag.al\/wp-content\/uploads\/2019\/11\/Easterbrook.jpg\" alt=\"\" width=\"660\" height=\"371\" srcset=\"https:\/\/www.hashtag.al\/wp-content\/uploads\/2019\/11\/Easterbrook.jpg 660w, https:\/\/www.hashtag.al\/wp-content\/uploads\/2019\/11\/Easterbrook-300x169.jpg 300w\" sizes=\"auto, (max-width: 660px) 100vw, 660px\" \/><\/a><\/p>\n<p><span style=\"color: #000000;\">McDonald&#8217;s ka shkarkuar shefin ekzekutiv t\u00eb saj, Steve Easterbrook, pasi ai pati nj\u00eb lidhje me nj\u00eb punonj\u00ebse.<\/span><\/p>\n<p><span style=\"color: #000000;\">\u201c<span style=\"color: #0000ff;\"><a style=\"color: #0000ff;\" href=\"https:\/\/www.bbc.com\/news\/business-50283720\">BBC<\/a><\/span>\u201d shkruan gjigandi amerikan i ushqimit t\u00eb shpejt\u00eb tha se marr\u00ebdh\u00ebnia ishte konsensuale, por Easterbrook kishte <em>&#8220;shkelur politik\u00ebn e kompanis\u00eb&#8221;<\/em> dhe kishte treguar<em> &#8220;gjykim t\u00eb dob\u00ebt&#8221;.<\/em><\/span><\/p>\n<p><span style=\"color: #000000;\">N\u00eb nj\u00eb email p\u00ebr stafin, biznesmeni britanik e pranoi marr\u00ebdh\u00ebnien dhe tha se ishte nj\u00eb gabim.<\/span><\/p>\n<p><span style=\"color: #000000;\"><em>&#8220;Duke pasur parasysh vlerat e kompanis\u00eb, un\u00eb jam dakord me bordin q\u00eb \u00ebsht\u00eb koha q\u00eb un\u00eb t\u00eb eci p\u00ebrpara&#8221;<\/em>&#8211; tha ai.<\/span><\/p>\n<p><span style=\"color: #000000;\">Easterbrook, 52 vje\u00e7, i cili \u00ebsht\u00eb i divorcuar, p\u00ebr her\u00eb t\u00eb par\u00eb ka punuar p\u00ebr McDonald&#8217;s n\u00eb vitin 1993 si menaxher n\u00eb Lond\u00ebr.<\/span><\/p>\n<p><span style=\"color: #000000;\">Ai u largua n\u00eb vitin 2011 nga kompania p\u00ebr t&#8217;u b\u00ebr\u00eb shefi i \u201cPizza Express\u201d dhe m\u00eb pas i zinxhirit ushqimor aziatik Wagamama, p\u00ebrpara se t\u00eb kthehej p\u00ebrs\u00ebri n\u00eb McDonald&#8217;s n\u00eb vitin 2013, duke u b\u00ebr\u00eb kryetari i saj n\u00eb Mbret\u00ebrin\u00eb e Bashkuar dhe Evrop\u00ebn veriore.<\/span><\/p>\n<p><span style=\"color: #000000;\">Ai u em\u00ebrua shef ekzekutiv i McDonald&#8217;s n\u00eb vitin 2015. Easterbrook vler\u00ebsohet p\u00ebr rigjall\u00ebrimin e menus\u00eb dhe restoranteve t\u00eb firm\u00ebs, duke rimodeluar dyqanet dhe duke p\u00ebrdorur p\u00ebrb\u00ebr\u00ebs m\u00eb t\u00eb mir\u00eb. Vlera e aksioneve t\u00eb firm\u00ebs u dyfishuan gjat\u00eb mandatit t\u00eb tij n\u00eb SHBA.<\/span><\/p>\n<p><span style=\"color: #000000;\">N\u00ebn udh\u00ebheqjen e tij, McDonald&#8217;s gjithashtu zgjeroi opsionet e dor\u00ebzimit dhe pages\u00ebs p\u00ebrmes celularit.<\/span><\/p>\n<p><span style=\"color: #000000;\">Easterbrook \u00ebsht\u00eb larguar edhe nga posti si presidentit t\u00eb McDonald\u2019s dhe si an\u00ebtar i bordit.<\/span><\/p>\n<p><span style=\"color: #000000;\">Rregullat e kompanis\u00eb p\u00ebr menaxher\u00ebt i ndalojn\u00eb ata q\u00eb t\u00eb p\u00ebrfshihen romantikisht me nj\u00eb vart\u00ebs.<\/span><\/p>\n<p><span style=\"color: #000000;\">Ai do t\u00eb z\u00ebvend\u00ebsohet nga Chris Kempczinski, presidenti m\u00eb i fundit i McDonald&#8217;s n\u00eb SHBA, me efekt t\u00eb menj\u00ebhersh\u00ebm.<\/span><\/p>\n","protected":false,"gt_translate_keys":[{"key":"rendered","format":"html"}]},"excerpt":{"rendered":"<p>McDonald&#8217;s ka shkarkuar shefin ekzekutiv t\u00eb saj, Steve Easterbrook, pasi ai pati nj\u00eb lidhje me nj\u00eb punonj\u00ebse. \u201cBBC\u201d shkruan gjigandi amerikan i ushqimit t\u00eb shpejt\u00eb tha se marr\u00ebdh\u00ebnia ishte konsensuale, por Easterbrook kishte &#8220;shkelur politik\u00ebn e kompanis\u00eb&#8221; dhe kishte treguar &#8220;gjykim t\u00eb dob\u00ebt&#8221;. N\u00eb nj\u00eb email p\u00ebr stafin, biznesmeni britanik e pranoi marr\u00ebdh\u00ebnien dhe tha [&hellip;]<\/p>\n","protected":false,"gt_translate_keys":[{"key":"rendered","format":"html"}]},"author":30,"featured_media":331916,"comment_status":"open","ping_status":"open","sticky":false,"template":"","format":"standard","meta":{"footnotes":""},"categories":[6],"tags":[],"class_list":["post-331915","post","type-post","status-publish","format-standard","has-post-thumbnail","hentry","category-nderkombetare"],"gt_translate_keys":[{"key":"link","format":"url"}],"_links":{"self":[{"href":"https:\/\/www.hashtag.al\/index.php\/wp-json\/wp\/v2\/posts\/331915","targetHints":{"allow":["GET"]}}],"collection":[{"href":"https:\/\/www.hashtag.al\/index.php\/wp-json\/wp\/v2\/posts"}],"about":[{"href":"https:\/\/www.hashtag.al\/index.php\/wp-json\/wp\/v2\/types\/post"}],"author":[{"embeddable":true,"href":"https:\/\/www.hashtag.al\/index.php\/wp-json\/wp\/v2\/users\/30"}],"replies":[{"embeddable":true,"href":"https:\/\/www.hashtag.al\/index.php\/wp-json\/wp\/v2\/comments?post=331915"}],"version-history":[{"count":0,"href":"https:\/\/www.hashtag.al\/index.php\/wp-json\/wp\/v2\/posts\/331915\/revisions"}],"wp:featuredmedia":[{"embeddable":true,"href":"https:\/\/www.hashtag.al\/index.php\/wp-json\/wp\/v2\/media\/331916"}],"wp:attachment":[{"href":"https:\/\/www.hashtag.al\/index.php\/wp-json\/wp\/v2\/media?parent=331915"}],"wp:term":[{"taxonomy":"category","embeddable":true,"href":"https:\/\/www.hashtag.al\/index.php\/wp-json\/wp\/v2\/categories?post=331915"},{"taxonomy":"post_tag","embeddable":true,"href":"https:\/\/www.hashtag.al\/index.php\/wp-json\/wp\/v2\/tags?post=331915"}],"curies":[{"name":"wp","href":"https:\/\/api.w.org\/{rel}","templated":true}]}}