{"id":331910,"date":"2019-11-04T09:07:53","date_gmt":"2019-11-04T08:07:53","guid":{"rendered":"https:\/\/hashtag.al\/?p=331910"},"modified":"2019-11-04T09:11:05","modified_gmt":"2019-11-04T08:11:05","slug":"jep-doreheqjen-gjyqtari-i-apelit-cilat-jane-dosjet-e-bujshme-qe-gjykoi","status":"publish","type":"post","link":"https:\/\/www.hashtag.al\/index.php\/2019\/11\/04\/jep-doreheqjen-gjyqtari-i-apelit-cilat-jane-dosjet-e-bujshme-qe-gjykoi\/","title":{"rendered":"Jep dor\u00ebheqjen gjyqtari i Apelit, cilat jan\u00eb dosjet e bujshme q\u00eb gjykoi","gt_translate_keys":[{"key":"rendered","format":"text"}]},"content":{"rendered":"<p><span style=\"color: #000000;\"><a style=\"color: #000000;\" href=\"https:\/\/hashtag.al\/wp-content\/uploads\/2019\/11\/Agim-Bendo.jpg\"><img loading=\"lazy\" decoding=\"async\" class=\"aligncenter size-full wp-image-331911\" src=\"https:\/\/hashtag.al\/wp-content\/uploads\/2019\/11\/Agim-Bendo.jpg\" alt=\"\" width=\"640\" height=\"480\" srcset=\"https:\/\/www.hashtag.al\/wp-content\/uploads\/2019\/11\/Agim-Bendo.jpg 640w, https:\/\/www.hashtag.al\/wp-content\/uploads\/2019\/11\/Agim-Bendo-300x225.jpg 300w\" sizes=\"auto, (max-width: 640px) 100vw, 640px\" \/><\/a><\/span><\/p>\n<p><span style=\"color: #000000;\">Gjyqtari i Gjykat\u00ebs s\u00eb Apelit, Agim Bengo ka dh\u00ebn\u00eb dor\u00ebheqjen nga ky pozicion.\u00a0 K\u00ebrkesa e dor\u00ebheqjes s\u00eb gjyqtarit Bendo do t\u00eb shqyrtohet sot n\u00eb mbledhjen e K\u00ebshillit t\u00eb Lart\u00eb t\u00eb Gjyq\u00ebsorit.<\/span><\/p>\n<p><span style=\"color: #000000;\">\u00a0<em>\u201cShqyrtimi i projektvendimit \u201cP\u00ebr mbarimin e statusit t\u00eb magjistratit, t\u00eb gjyqtarit Agim Bendo, p\u00ebr shkak t\u00eb dor\u00ebheqjes nga detyra e gjyqtarit\u201d i p\u00ebrgatitur nga Komisioni i Zhvillimit t\u00eb Karrier\u00ebs\u201d-<\/em> thuhet n\u00eb rendin e dit\u00ebs s\u00eb K\u00ebshillit t\u00eb Lart\u00eb Gjyq\u00ebsor.<\/span><\/p>\n<p><span style=\"color: #000000;\">Gjyqtari Agim Bendo ka patur n\u00eb shqyrtim \u00e7\u00ebshtje mjaft t\u00eb rend\u00ebsisshme, ai ka qen\u00eb pjes\u00eb e trupit gjykues p\u00ebr \u201c21 janarin\u201d.<\/span><\/p>\n<p><span style=\"color: #000000;\">Po ashtu ka qen\u00eb pjes\u00eb e trupit gjykues bashk\u00eb me gjyqtarin Shk\u00eblqim Miri, p\u00ebr vendimin ndaj Gentian Dod\u00ebs.<\/span><\/p>\n<p><span style=\"color: #000000;\">Bendo ka gjykuar dosjen Hakmarrja p\u00ebr Drejt\u00ebsi, si dhe ka qen\u00eb an\u00ebtar i trupit gjykues n\u00eb \u00e7\u00ebshtjen e ish-guvernatorit t\u00eb Bank\u00ebs s\u00eb Shqip\u00ebris\u00eb.<\/span><\/p>\n<p><span style=\"color: #000000;\">Bendo ka dh\u00ebn\u00eb dor\u00ebheqjen n\u00eb prag t\u00eb Vettingut. Verifikimet p\u00ebr gjyqtarin kan\u00eb nisur q\u00eb gjat\u00eb muajit shtator t\u00eb vitit 2018 dhe do t\u00eb dilte para KPK-s\u00eb n\u00eb dit\u00ebt dhe jav\u00ebt n\u00eb vazhdim, por ai i ka paraprir\u00eb k\u00ebsaj duke u larguar nga sistemi.<\/span><\/p>\n","protected":false,"gt_translate_keys":[{"key":"rendered","format":"html"}]},"excerpt":{"rendered":"<p>Gjyqtari i Gjykat\u00ebs s\u00eb Apelit, Agim Bengo ka dh\u00ebn\u00eb dor\u00ebheqjen nga ky pozicion.\u00a0 K\u00ebrkesa e dor\u00ebheqjes s\u00eb gjyqtarit Bendo do t\u00eb shqyrtohet sot n\u00eb mbledhjen e K\u00ebshillit t\u00eb Lart\u00eb t\u00eb Gjyq\u00ebsorit. \u00a0\u201cShqyrtimi i projektvendimit \u201cP\u00ebr mbarimin e statusit t\u00eb magjistratit, t\u00eb gjyqtarit Agim Bendo, p\u00ebr shkak t\u00eb dor\u00ebheqjes nga detyra e gjyqtarit\u201d i p\u00ebrgatitur nga [&hellip;]<\/p>\n","protected":false,"gt_translate_keys":[{"key":"rendered","format":"html"}]},"author":30,"featured_media":331911,"comment_status":"open","ping_status":"open","sticky":false,"template":"","format":"standard","meta":{"footnotes":""},"categories":[65,13],"tags":[],"class_list":["post-331910","post","type-post","status-publish","format-standard","has-post-thumbnail","hentry","category-lajme","category-te-fundit"],"gt_translate_keys":[{"key":"link","format":"url"}],"_links":{"self":[{"href":"https:\/\/www.hashtag.al\/index.php\/wp-json\/wp\/v2\/posts\/331910","targetHints":{"allow":["GET"]}}],"collection":[{"href":"https:\/\/www.hashtag.al\/index.php\/wp-json\/wp\/v2\/posts"}],"about":[{"href":"https:\/\/www.hashtag.al\/index.php\/wp-json\/wp\/v2\/types\/post"}],"author":[{"embeddable":true,"href":"https:\/\/www.hashtag.al\/index.php\/wp-json\/wp\/v2\/users\/30"}],"replies":[{"embeddable":true,"href":"https:\/\/www.hashtag.al\/index.php\/wp-json\/wp\/v2\/comments?post=331910"}],"version-history":[{"count":0,"href":"https:\/\/www.hashtag.al\/index.php\/wp-json\/wp\/v2\/posts\/331910\/revisions"}],"wp:featuredmedia":[{"embeddable":true,"href":"https:\/\/www.hashtag.al\/index.php\/wp-json\/wp\/v2\/media\/331911"}],"wp:attachment":[{"href":"https:\/\/www.hashtag.al\/index.php\/wp-json\/wp\/v2\/media?parent=331910"}],"wp:term":[{"taxonomy":"category","embeddable":true,"href":"https:\/\/www.hashtag.al\/index.php\/wp-json\/wp\/v2\/categories?post=331910"},{"taxonomy":"post_tag","embeddable":true,"href":"https:\/\/www.hashtag.al\/index.php\/wp-json\/wp\/v2\/tags?post=331910"}],"curies":[{"name":"wp","href":"https:\/\/api.w.org\/{rel}","templated":true}]}}