{"id":331874,"date":"2019-11-03T22:57:58","date_gmt":"2019-11-03T21:57:58","guid":{"rendered":"https:\/\/hashtag.al\/?p=331874"},"modified":"2019-11-03T22:57:58","modified_gmt":"2019-11-03T21:57:58","slug":"milan-prape-me-avazin-e-vjeter-humb-perballe-lacios","status":"publish","type":"post","link":"https:\/\/www.hashtag.al\/index.php\/2019\/11\/03\/milan-prape-me-avazin-e-vjeter-humb-perballe-lacios\/","title":{"rendered":"Milan prap\u00eb me avazin e vjet\u00ebr, humb p\u00ebrball\u00eb Lacios","gt_translate_keys":[{"key":"rendered","format":"text"}]},"content":{"rendered":"<p><img loading=\"lazy\" decoding=\"async\" class=\"aligncenter size-full wp-image-331875\" src=\"https:\/\/hashtag.al\/wp-content\/uploads\/2019\/11\/lazio-milan.jpg\" alt=\"\" width=\"821\" height=\"465\" srcset=\"https:\/\/www.hashtag.al\/wp-content\/uploads\/2019\/11\/lazio-milan.jpg 821w, https:\/\/www.hashtag.al\/wp-content\/uploads\/2019\/11\/lazio-milan-300x170.jpg 300w, https:\/\/www.hashtag.al\/wp-content\/uploads\/2019\/11\/lazio-milan-768x435.jpg 768w\" sizes=\"auto, (max-width: 821px) 100vw, 821px\" \/><\/p>\n<p><span style=\"color: #000000;\">Milan nuk tejkalon dot kriz\u00ebn. Edhe dit\u00ebn e sotme nuk shkoi p\u00ebrtej humbjes me Lacios n\u00eb San Siro.<\/span><\/p>\n<p><span style=\"color: #000000;\">Me rezultatin 1-2, \u201ckuq e zinjt\u00eb\u201d thellojn\u00eb kriz\u00ebn. Golat p\u00ebr Lacion u sh\u00ebnuan nga Imobile dhe Correa nd\u00ebrsa p\u00ebr Milan goli erdhi nga lojtari kund\u00ebrshtar Bastos i cili sh\u00ebnoi n\u00eb port\u00ebn e tij.<\/span><\/p>\n<p><span style=\"color: #000000;\">M\u00eb k\u00ebt\u00eb fitore Lacio ngjitet n\u00eb vendin e kat\u00ebrt nd\u00ebrsa Milani q\u00ebndron n\u00eb vendin 11.<\/span><\/p>\n","protected":false,"gt_translate_keys":[{"key":"rendered","format":"html"}]},"excerpt":{"rendered":"<p>Milan nuk tejkalon dot kriz\u00ebn. Edhe dit\u00ebn e sotme nuk shkoi p\u00ebrtej humbjes me Lacios n\u00eb San Siro. Me rezultatin 1-2, \u201ckuq e zinjt\u00eb\u201d thellojn\u00eb kriz\u00ebn. Golat p\u00ebr Lacion u sh\u00ebnuan nga Imobile dhe Correa nd\u00ebrsa p\u00ebr Milan goli erdhi nga lojtari kund\u00ebrshtar Bastos i cili sh\u00ebnoi n\u00eb port\u00ebn e tij. M\u00eb k\u00ebt\u00eb fitore Lacio [&hellip;]<\/p>\n","protected":false,"gt_translate_keys":[{"key":"rendered","format":"html"}]},"author":32,"featured_media":331875,"comment_status":"open","ping_status":"open","sticky":false,"template":"","format":"standard","meta":{"footnotes":""},"categories":[134,13],"tags":[],"class_list":["post-331874","post","type-post","status-publish","format-standard","has-post-thumbnail","hentry","category-sport","category-te-fundit"],"gt_translate_keys":[{"key":"link","format":"url"}],"_links":{"self":[{"href":"https:\/\/www.hashtag.al\/index.php\/wp-json\/wp\/v2\/posts\/331874","targetHints":{"allow":["GET"]}}],"collection":[{"href":"https:\/\/www.hashtag.al\/index.php\/wp-json\/wp\/v2\/posts"}],"about":[{"href":"https:\/\/www.hashtag.al\/index.php\/wp-json\/wp\/v2\/types\/post"}],"author":[{"embeddable":true,"href":"https:\/\/www.hashtag.al\/index.php\/wp-json\/wp\/v2\/users\/32"}],"replies":[{"embeddable":true,"href":"https:\/\/www.hashtag.al\/index.php\/wp-json\/wp\/v2\/comments?post=331874"}],"version-history":[{"count":0,"href":"https:\/\/www.hashtag.al\/index.php\/wp-json\/wp\/v2\/posts\/331874\/revisions"}],"wp:featuredmedia":[{"embeddable":true,"href":"https:\/\/www.hashtag.al\/index.php\/wp-json\/wp\/v2\/media\/331875"}],"wp:attachment":[{"href":"https:\/\/www.hashtag.al\/index.php\/wp-json\/wp\/v2\/media?parent=331874"}],"wp:term":[{"taxonomy":"category","embeddable":true,"href":"https:\/\/www.hashtag.al\/index.php\/wp-json\/wp\/v2\/categories?post=331874"},{"taxonomy":"post_tag","embeddable":true,"href":"https:\/\/www.hashtag.al\/index.php\/wp-json\/wp\/v2\/tags?post=331874"}],"curies":[{"name":"wp","href":"https:\/\/api.w.org\/{rel}","templated":true}]}}