{"id":331830,"date":"2019-11-03T16:35:51","date_gmt":"2019-11-03T15:35:51","guid":{"rendered":"https:\/\/hashtag.al\/?p=331830"},"modified":"2019-11-03T16:35:51","modified_gmt":"2019-11-03T15:35:51","slug":"vijon-fushata-e-kthimeve-te-azilkerkuesve-nga-franca-dhe-belgjika-riatdhesohen-36-persona","status":"publish","type":"post","link":"https:\/\/www.hashtag.al\/index.php\/2019\/11\/03\/vijon-fushata-e-kthimeve-te-azilkerkuesve-nga-franca-dhe-belgjika-riatdhesohen-36-persona\/","title":{"rendered":"Vijon fushata e kthimeve t\u00eb azilk\u00ebrkuesve nga Franca dhe Belgjika, riatdhesohen 36 persona","gt_translate_keys":[{"key":"rendered","format":"text"}]},"content":{"rendered":"<p><img loading=\"lazy\" decoding=\"async\" class=\"aligncenter size-full wp-image-331831\" src=\"https:\/\/hashtag.al\/wp-content\/uploads\/2019\/11\/auto_WhatsApp-Image-2019-06-12-at-16.48.51-770x4331572793689.jpeg\" alt=\"\" width=\"900\" height=\"506\" srcset=\"https:\/\/www.hashtag.al\/wp-content\/uploads\/2019\/11\/auto_WhatsApp-Image-2019-06-12-at-16.48.51-770x4331572793689.jpeg 900w, https:\/\/www.hashtag.al\/wp-content\/uploads\/2019\/11\/auto_WhatsApp-Image-2019-06-12-at-16.48.51-770x4331572793689-300x169.jpeg 300w, https:\/\/www.hashtag.al\/wp-content\/uploads\/2019\/11\/auto_WhatsApp-Image-2019-06-12-at-16.48.51-770x4331572793689-768x432.jpeg 768w\" sizes=\"auto, (max-width: 900px) 100vw, 900px\" \/><\/p>\n<p><span style=\"color: #000000;\">Jan\u00eb riatdhesuar nga Rinasi 36 shtetas nga Franca dhe Belgjika t\u00eb cil\u00ebve iu refuzua azili n\u00eb k\u00ebto vende.<\/span><\/p>\n<p><span style=\"color: #000000;\">Fushata e kthimit \u00ebsht\u00eb e vazhdueshme pasi edhe numri i azilk\u00ebrkues\u00ebve sidomos n\u00eb Franc\u00eb \u00ebsht\u00eb i lart\u00eb.<\/span><\/p>\n<p><span style=\"color: #000000;\"><strong>Njoftimi i policis\u00eb:<\/strong><\/span><\/p>\n<p><span style=\"color: #000000;\">Rinas \u2013 Vijojn\u00eb operacionet e riatdhesimit t\u00eb shtetasve q\u00eb kan\u00eb k\u00ebrkuar azil apo kan\u00eb shkelur rregullat e q\u00ebndrimit n\u00eb hap\u00ebsir\u00ebn Schengen Riatdhesohen\u00a0 36 shtetas shqiptar\u00eb t\u00eb cil\u00ebt kishin k\u00ebrkuar azil n\u00eb Franc\u00eb dhe Belgjik\u00eb.<\/span><\/p>\n<p><span style=\"color: #000000;\">Operacioni i radh\u00ebs u zhvillua dit\u00ebn e djeshme dhe ishte i\u00a0 organizuar nga Franca n\u00eb bashk\u00ebpunim me Frontex-in, dhe me mb\u00ebshtetjen e eskort\u00ebs s\u00eb Policis\u00eb Kufitare shqiptare.\u00a0 Gjat\u00eb k\u00ebtij operacioni jan\u00eb riatdhesuar 36 shtetas shqiptar\u00eb, t\u00eb cil\u00ebt kishin shkelur rregullat e q\u00ebndrimit n\u00eb vendet e BE-s\u00eb, apo u \u00ebsht\u00eb refuzuar dh\u00ebnia e azilit, nga k\u00ebta: 31 nga Franca dhe 5 nga Belgjika.<\/span><\/p>\n<p><span style=\"color: #000000;\">Operacionet e riatdhesimit do t\u00eb vijojn\u00eb edhe n\u00eb jav\u00ebt e ardhshme. Nd\u00ebrkoh\u00eb Policia Kufitare ka forcuar\u00a0 kontrollet n\u00eb pikat e kalimit kufitar, n\u00eb drejtim t\u00eb verifikimit t\u00eb dokumentacionit dhe plot\u00ebsimit t\u00eb kushteve p\u00ebr t\u00eb udh\u00ebtuar n\u00eb vendet e BE-s\u00eb, si dhe ka shtuar patrullat\u00a0 n\u00eb kufirin jeshil p\u00ebr t\u00eb parandaluar kalimin e paligjsh\u00ebm t\u00eb kufirit. Ministria e Brendshme dhe Policia e Shtetit apelojn\u00eb p\u00ebr t\u00eb gjith\u00eb shtetasit shqiptar\u00eb q\u00eb t\u00eb respektojn\u00eb rregullat e l\u00ebvizjes dhe t\u00eb q\u00ebndrimit n\u00eb hap\u00ebsir\u00ebn Schengen, pasi shanset p\u00ebr t\u00eb fituar azil n\u00eb vendet e BE-s\u00eb jan\u00eb zero.<\/span><\/p>\n<p>&nbsp;<\/p>\n","protected":false,"gt_translate_keys":[{"key":"rendered","format":"html"}]},"excerpt":{"rendered":"<p>Jan\u00eb riatdhesuar nga Rinasi 36 shtetas nga Franca dhe Belgjika t\u00eb cil\u00ebve iu refuzua azili n\u00eb k\u00ebto vende. Fushata e kthimit \u00ebsht\u00eb e vazhdueshme pasi edhe numri i azilk\u00ebrkues\u00ebve sidomos n\u00eb Franc\u00eb \u00ebsht\u00eb i lart\u00eb. Njoftimi i policis\u00eb: Rinas \u2013 Vijojn\u00eb operacionet e riatdhesimit t\u00eb shtetasve q\u00eb kan\u00eb k\u00ebrkuar azil apo kan\u00eb shkelur rregullat e [&hellip;]<\/p>\n","protected":false,"gt_translate_keys":[{"key":"rendered","format":"html"}]},"author":32,"featured_media":331831,"comment_status":"open","ping_status":"open","sticky":false,"template":"","format":"standard","meta":{"footnotes":""},"categories":[65,13],"tags":[],"class_list":["post-331830","post","type-post","status-publish","format-standard","has-post-thumbnail","hentry","category-lajme","category-te-fundit"],"gt_translate_keys":[{"key":"link","format":"url"}],"_links":{"self":[{"href":"https:\/\/www.hashtag.al\/index.php\/wp-json\/wp\/v2\/posts\/331830","targetHints":{"allow":["GET"]}}],"collection":[{"href":"https:\/\/www.hashtag.al\/index.php\/wp-json\/wp\/v2\/posts"}],"about":[{"href":"https:\/\/www.hashtag.al\/index.php\/wp-json\/wp\/v2\/types\/post"}],"author":[{"embeddable":true,"href":"https:\/\/www.hashtag.al\/index.php\/wp-json\/wp\/v2\/users\/32"}],"replies":[{"embeddable":true,"href":"https:\/\/www.hashtag.al\/index.php\/wp-json\/wp\/v2\/comments?post=331830"}],"version-history":[{"count":0,"href":"https:\/\/www.hashtag.al\/index.php\/wp-json\/wp\/v2\/posts\/331830\/revisions"}],"wp:featuredmedia":[{"embeddable":true,"href":"https:\/\/www.hashtag.al\/index.php\/wp-json\/wp\/v2\/media\/331831"}],"wp:attachment":[{"href":"https:\/\/www.hashtag.al\/index.php\/wp-json\/wp\/v2\/media?parent=331830"}],"wp:term":[{"taxonomy":"category","embeddable":true,"href":"https:\/\/www.hashtag.al\/index.php\/wp-json\/wp\/v2\/categories?post=331830"},{"taxonomy":"post_tag","embeddable":true,"href":"https:\/\/www.hashtag.al\/index.php\/wp-json\/wp\/v2\/tags?post=331830"}],"curies":[{"name":"wp","href":"https:\/\/api.w.org\/{rel}","templated":true}]}}