{"id":331309,"date":"2019-11-01T13:24:48","date_gmt":"2019-11-01T12:24:48","guid":{"rendered":"https:\/\/hashtag.al\/?p=331309"},"modified":"2019-11-01T13:24:48","modified_gmt":"2019-11-01T12:24:48","slug":"basha-per-shkarkimin-e-kajmakut-nuk-eshte-rastesi-tregon-skemen-e-rames-per-te-qeverisur-me-krimin","status":"publish","type":"post","link":"https:\/\/www.hashtag.al\/index.php\/2019\/11\/01\/basha-per-shkarkimin-e-kajmakut-nuk-eshte-rastesi-tregon-skemen-e-rames-per-te-qeverisur-me-krimin\/","title":{"rendered":"Basha p\u00ebr shkarkimin e Kajmakut: Nuk \u00ebsht\u00eb rast\u00ebsi, tregon skem\u00ebn e Ram\u00ebs p\u00ebr t\u00eb qeverisur me krimin","gt_translate_keys":[{"key":"rendered","format":"text"}]},"content":{"rendered":"<p><img loading=\"lazy\" decoding=\"async\" class=\"aligncenter size-full wp-image-331310\" src=\"https:\/\/hashtag.al\/wp-content\/uploads\/2019\/11\/basha1.jpg\" alt=\"\" width=\"864\" height=\"480\" srcset=\"https:\/\/www.hashtag.al\/wp-content\/uploads\/2019\/11\/basha1.jpg 864w, https:\/\/www.hashtag.al\/wp-content\/uploads\/2019\/11\/basha1-300x167.jpg 300w, https:\/\/www.hashtag.al\/wp-content\/uploads\/2019\/11\/basha1-768x427.jpg 768w\" sizes=\"auto, (max-width: 864px) 100vw, 864px\" \/><\/p>\n<p><span style=\"color: #000000;\">Kreu i Partis\u00eb Demokratike nga selia blu ka reaguar n\u00eb lidhje me shkarkimin nga KQZ t\u00eb Agim Kajmakut, t\u00eb zgjedhurit nga votimet e 30 qershorit n\u00eb krye t\u00eb Bashkis\u00eb Vor\u00eb.<\/span><\/p>\n<p><span style=\"color: #000000;\">Basha e quajti pasyqr\u00eb t\u00eb Ram\u00ebs q\u00eb reflekton se PS-ja nuk nxjerr dot kandidat\u00eb t\u00eb painkriminuar.<\/span><\/p>\n<p><span style=\"color: #000000;\">M\u00eb tej Basha, tregoi se kjo nuk \u00ebsht\u00eb rast\u00ebsi por edhe nga zgjedhjet e 2013 e 2017, \u00ebsht\u00eb e nj\u00ebjta skem\u00eb e mir\u00ebmenduar e Ram\u00ebs p\u00ebr t\u00eb qeverisur s\u00eb bashku me krimin.<\/span><\/p>\n<p><span style=\"color: #000000;\">\u201c<em>Agim Kajmaku \u00ebsht\u00eb fytyra e Edi Ram\u00ebs, pasqyra e radh\u00ebs se m\u00eb k\u00eb qeveris\u00eb, nj\u00eb posht\u00ebrim p\u00ebr PS-n\u00eb q\u00eb nuk nxjerr dot kandidat\u00eb t\u00eb painkriminuar, por nxjerr llumin e llumit, posht\u00ebrim p\u00ebr shqiptar\u00ebt q\u00eb shk\u00eblqejn\u00eb kudo n\u00eb bot\u00eb, por jo n\u00eb vendin e tyre. <\/em><\/span><\/p>\n<p><span style=\"color: #000000;\"><em>T\u00eb gjith\u00eb ata q\u00eb mendojn\u00eb se 2013-2014 , 2017 e n\u00eb vijim ky vendim tregon se asgj\u00eb nuk ka qen\u00eb rast\u00ebsi.<\/em><\/span><\/p>\n<p><span style=\"color: #000000;\"><em>Ka qen\u00eb skem\u00eb e mir\u00ebmenduar e Ram\u00ebs p\u00ebr t\u00eb qeverisur me krimin.<\/em><\/span><\/p>\n<p><span style=\"color: #000000;\"><em>Zgjidhja e vetme \u00ebsht\u00eb t\u2019ia kthejm\u00eb qeverisjen shqiptar\u00ebve. T\u2019ia kthejm\u00eb parlamentin shqiptar\u00ebve me zgjedhje t\u00eb parakohshme parlamentare n\u00ebn nj\u00eb qeveri kujdestare q\u00eb do t\u00eb garantoj\u00eb vot\u00ebn e tyre<\/em>\u201d-deklaroi Basha.<\/span><\/p>\n<p>&nbsp;<\/p>\n","protected":false,"gt_translate_keys":[{"key":"rendered","format":"html"}]},"excerpt":{"rendered":"<p>Kreu i Partis\u00eb Demokratike nga selia blu ka reaguar n\u00eb lidhje me shkarkimin nga KQZ t\u00eb Agim Kajmakut, t\u00eb zgjedhurit nga votimet e 30 qershorit n\u00eb krye t\u00eb Bashkis\u00eb Vor\u00eb. Basha e quajti pasyqr\u00eb t\u00eb Ram\u00ebs q\u00eb reflekton se PS-ja nuk nxjerr dot kandidat\u00eb t\u00eb painkriminuar. M\u00eb tej Basha, tregoi se kjo nuk \u00ebsht\u00eb rast\u00ebsi [&hellip;]<\/p>\n","protected":false,"gt_translate_keys":[{"key":"rendered","format":"html"}]},"author":32,"featured_media":331310,"comment_status":"open","ping_status":"open","sticky":false,"template":"","format":"standard","meta":{"footnotes":""},"categories":[65,13],"tags":[],"class_list":["post-331309","post","type-post","status-publish","format-standard","has-post-thumbnail","hentry","category-lajme","category-te-fundit"],"gt_translate_keys":[{"key":"link","format":"url"}],"_links":{"self":[{"href":"https:\/\/www.hashtag.al\/index.php\/wp-json\/wp\/v2\/posts\/331309","targetHints":{"allow":["GET"]}}],"collection":[{"href":"https:\/\/www.hashtag.al\/index.php\/wp-json\/wp\/v2\/posts"}],"about":[{"href":"https:\/\/www.hashtag.al\/index.php\/wp-json\/wp\/v2\/types\/post"}],"author":[{"embeddable":true,"href":"https:\/\/www.hashtag.al\/index.php\/wp-json\/wp\/v2\/users\/32"}],"replies":[{"embeddable":true,"href":"https:\/\/www.hashtag.al\/index.php\/wp-json\/wp\/v2\/comments?post=331309"}],"version-history":[{"count":0,"href":"https:\/\/www.hashtag.al\/index.php\/wp-json\/wp\/v2\/posts\/331309\/revisions"}],"wp:featuredmedia":[{"embeddable":true,"href":"https:\/\/www.hashtag.al\/index.php\/wp-json\/wp\/v2\/media\/331310"}],"wp:attachment":[{"href":"https:\/\/www.hashtag.al\/index.php\/wp-json\/wp\/v2\/media?parent=331309"}],"wp:term":[{"taxonomy":"category","embeddable":true,"href":"https:\/\/www.hashtag.al\/index.php\/wp-json\/wp\/v2\/categories?post=331309"},{"taxonomy":"post_tag","embeddable":true,"href":"https:\/\/www.hashtag.al\/index.php\/wp-json\/wp\/v2\/tags?post=331309"}],"curies":[{"name":"wp","href":"https:\/\/api.w.org\/{rel}","templated":true}]}}