{"id":331298,"date":"2019-11-01T12:11:41","date_gmt":"2019-11-01T11:11:41","guid":{"rendered":"https:\/\/hashtag.al\/?p=331298"},"modified":"2019-11-01T12:11:41","modified_gmt":"2019-11-01T11:11:41","slug":"mbledhja-e-ps-se-per-shkodren-paulin-sterkaj-debat-me-ramen-per-emerimin-e-drejtoreve","status":"publish","type":"post","link":"https:\/\/www.hashtag.al\/index.php\/2019\/11\/01\/mbledhja-e-ps-se-per-shkodren-paulin-sterkaj-debat-me-ramen-per-emerimin-e-drejtoreve\/","title":{"rendered":"Mbledhja e PS-s\u00eb p\u00ebr Shkodr\u00ebn, Paulin Sterkaj debat me Ram\u00ebn p\u00ebr em\u00ebrimin e drejtor\u00ebve","gt_translate_keys":[{"key":"rendered","format":"text"}]},"content":{"rendered":"<p>&nbsp;<\/p>\n<p><img loading=\"lazy\" decoding=\"async\" class=\"aligncenter size-full wp-image-331300\" src=\"https:\/\/hashtag.al\/wp-content\/uploads\/2019\/11\/rama-sterkaj.png\" alt=\"\" width=\"560\" height=\"346\" srcset=\"https:\/\/www.hashtag.al\/wp-content\/uploads\/2019\/11\/rama-sterkaj.png 560w, https:\/\/www.hashtag.al\/wp-content\/uploads\/2019\/11\/rama-sterkaj-300x185.png 300w\" sizes=\"auto, (max-width: 560px) 100vw, 560px\" \/><\/p>\n<p><span style=\"color: #000000;\">N\u00eb partin\u00eb Socialiste kryetari Edi Rama mblodhi kordinator\u00ebt p\u00ebr Shkodr\u00ebn.<\/span><\/p>\n<p><span style=\"color: #000000;\">N\u00eb mbledhje tema kryesore e diskutimit ishte em\u00ebrimi i drejtor\u00ebve n\u00eb k\u00ebt\u00eb qark i cili ka sjell\u00eb p\u00ebrplasje mes eksponent\u00ebve t\u00eb PS-s\u00eb n\u00eb Shkod\u00ebr.<\/span><\/p>\n<p><span style=\"color: #000000;\">N\u00eb mbledhje Kryeministri Rama pati nj\u00eb debat me deputetin Paulin Sterkaj, ku ky i fundit i p\u00ebrmendi se situata \u00ebsht\u00eb me drejtor\u00ebt \u00ebsht\u00eb b\u00ebr\u00eb procedur\u00eb tenderi.<\/span><\/p>\n<p><span style=\"color: #000000;\"><strong>St\u00ebrkaj:<\/strong>\u00a0E keni b\u00ebr\u00eb si tender k\u00ebt\u00eb \u00e7\u00ebshtje. Secili \u00e7on emrat p\u00ebr drejtor\u00ebt.<\/span><\/p>\n<p><span style=\"color: #000000;\"><strong>Rama:<\/strong>\u00a0Nuk kemi b\u00ebr\u00eb tender. Kam menduar q\u00eb ju do ta zgjidhnit k\u00ebt\u00eb gj\u00eb. Tani do merrem vet\u00eb, pasi ju nuk i dhat\u00eb rrug\u00ebzgjidhje.T\u00eb h\u00ebn\u00ebn do b\u00ebjm\u00eb mbledhje t\u00eb posacme vet\u00ebm me Shkodr\u00ebn p\u00ebr k\u00ebt\u00eb \u00e7\u00ebshtje<\/span><\/p>\n<p>&nbsp;<\/p>\n","protected":false,"gt_translate_keys":[{"key":"rendered","format":"html"}]},"excerpt":{"rendered":"<p>&nbsp; N\u00eb partin\u00eb Socialiste kryetari Edi Rama mblodhi kordinator\u00ebt p\u00ebr Shkodr\u00ebn. N\u00eb mbledhje tema kryesore e diskutimit ishte em\u00ebrimi i drejtor\u00ebve n\u00eb k\u00ebt\u00eb qark i cili ka sjell\u00eb p\u00ebrplasje mes eksponent\u00ebve t\u00eb PS-s\u00eb n\u00eb Shkod\u00ebr. N\u00eb mbledhje Kryeministri Rama pati nj\u00eb debat me deputetin Paulin Sterkaj, ku ky i fundit i p\u00ebrmendi se situata \u00ebsht\u00eb [&hellip;]<\/p>\n","protected":false,"gt_translate_keys":[{"key":"rendered","format":"html"}]},"author":32,"featured_media":331300,"comment_status":"open","ping_status":"open","sticky":false,"template":"","format":"standard","meta":{"footnotes":""},"categories":[65,13],"tags":[],"class_list":["post-331298","post","type-post","status-publish","format-standard","has-post-thumbnail","hentry","category-lajme","category-te-fundit"],"gt_translate_keys":[{"key":"link","format":"url"}],"_links":{"self":[{"href":"https:\/\/www.hashtag.al\/index.php\/wp-json\/wp\/v2\/posts\/331298","targetHints":{"allow":["GET"]}}],"collection":[{"href":"https:\/\/www.hashtag.al\/index.php\/wp-json\/wp\/v2\/posts"}],"about":[{"href":"https:\/\/www.hashtag.al\/index.php\/wp-json\/wp\/v2\/types\/post"}],"author":[{"embeddable":true,"href":"https:\/\/www.hashtag.al\/index.php\/wp-json\/wp\/v2\/users\/32"}],"replies":[{"embeddable":true,"href":"https:\/\/www.hashtag.al\/index.php\/wp-json\/wp\/v2\/comments?post=331298"}],"version-history":[{"count":0,"href":"https:\/\/www.hashtag.al\/index.php\/wp-json\/wp\/v2\/posts\/331298\/revisions"}],"wp:featuredmedia":[{"embeddable":true,"href":"https:\/\/www.hashtag.al\/index.php\/wp-json\/wp\/v2\/media\/331300"}],"wp:attachment":[{"href":"https:\/\/www.hashtag.al\/index.php\/wp-json\/wp\/v2\/media?parent=331298"}],"wp:term":[{"taxonomy":"category","embeddable":true,"href":"https:\/\/www.hashtag.al\/index.php\/wp-json\/wp\/v2\/categories?post=331298"},{"taxonomy":"post_tag","embeddable":true,"href":"https:\/\/www.hashtag.al\/index.php\/wp-json\/wp\/v2\/tags?post=331298"}],"curies":[{"name":"wp","href":"https:\/\/api.w.org\/{rel}","templated":true}]}}