{"id":331295,"date":"2019-11-01T11:50:30","date_gmt":"2019-11-01T10:50:30","guid":{"rendered":"https:\/\/hashtag.al\/?p=331295"},"modified":"2019-11-01T11:50:30","modified_gmt":"2019-11-01T10:50:30","slug":"vrasja-e-santiago-malkos-gjykata-le-ne-burg-blendi-teten","status":"publish","type":"post","link":"https:\/\/www.hashtag.al\/index.php\/2019\/11\/01\/vrasja-e-santiago-malkos-gjykata-le-ne-burg-blendi-teten\/","title":{"rendered":"Vrasja e Santiago Malkos, gjykata l\u00eb n\u00eb burg Blendi Tet\u00ebn","gt_translate_keys":[{"key":"rendered","format":"text"}]},"content":{"rendered":"<div id=\"attachment_331296\" style=\"width: 766px\" class=\"wp-caption aligncenter\"><img loading=\"lazy\" decoding=\"async\" aria-describedby=\"caption-attachment-331296\" class=\"size-full wp-image-331296\" src=\"https:\/\/hashtag.al\/wp-content\/uploads\/2019\/11\/blendi-teta-santiago-malko.jpg\" alt=\"\" width=\"756\" height=\"360\" srcset=\"https:\/\/www.hashtag.al\/wp-content\/uploads\/2019\/11\/blendi-teta-santiago-malko.jpg 756w, https:\/\/www.hashtag.al\/wp-content\/uploads\/2019\/11\/blendi-teta-santiago-malko-300x143.jpg 300w\" sizes=\"auto, (max-width: 756px) 100vw, 756px\" \/><p id=\"caption-attachment-331296\" class=\"wp-caption-text\">Blendi Teta dhe Santiago Malko<\/p><\/div>\n<p><span style=\"color: #000000;\">Gjykata p\u00ebr Krime t\u00eb R\u00ebnda ka l\u00ebn\u00eb n\u00eb burg ish-punonj\u00ebsin e nj\u00eb pike bastesh n\u00eb Tiran\u00eb n\u00eb lidhje me vrasjen e Santiago Malkos.<\/span><\/p>\n<p><span style=\"color: #000000;\">39-vje\u00e7ari, Blendi Teta, \u00ebsht\u00eb i vetmi person i arrestuar p\u00ebr vrasjen e ish-efektivit Santiago Malko, i cili akuzohet p\u00ebr &#8220;moskall\u00ebzim krimi.<\/span><\/p>\n<p><span style=\"color: #000000;\">Sipas prokuroris\u00eb Blendi Teta s\u00eb bashku me dy persona t\u00eb tjer\u00eb, pasi jan\u00eb takuar n\u00eb nj\u00eb lokal n\u00eb zon\u00ebn e freskut, kan\u00eb ndjekur l\u00ebvizjet e ish-efektivit Malko, deri pak momente para ekzekutimit.<\/span><\/p>\n<p>&nbsp;<\/p>\n","protected":false,"gt_translate_keys":[{"key":"rendered","format":"html"}]},"excerpt":{"rendered":"<p>Gjykata p\u00ebr Krime t\u00eb R\u00ebnda ka l\u00ebn\u00eb n\u00eb burg ish-punonj\u00ebsin e nj\u00eb pike bastesh n\u00eb Tiran\u00eb n\u00eb lidhje me vrasjen e Santiago Malkos. 39-vje\u00e7ari, Blendi Teta, \u00ebsht\u00eb i vetmi person i arrestuar p\u00ebr vrasjen e ish-efektivit Santiago Malko, i cili akuzohet p\u00ebr &#8220;moskall\u00ebzim krimi. Sipas prokuroris\u00eb Blendi Teta s\u00eb bashku me dy persona t\u00eb tjer\u00eb, [&hellip;]<\/p>\n","protected":false,"gt_translate_keys":[{"key":"rendered","format":"html"}]},"author":32,"featured_media":331296,"comment_status":"open","ping_status":"open","sticky":false,"template":"","format":"standard","meta":{"footnotes":""},"categories":[65,13],"tags":[],"class_list":["post-331295","post","type-post","status-publish","format-standard","has-post-thumbnail","hentry","category-lajme","category-te-fundit"],"gt_translate_keys":[{"key":"link","format":"url"}],"_links":{"self":[{"href":"https:\/\/www.hashtag.al\/index.php\/wp-json\/wp\/v2\/posts\/331295","targetHints":{"allow":["GET"]}}],"collection":[{"href":"https:\/\/www.hashtag.al\/index.php\/wp-json\/wp\/v2\/posts"}],"about":[{"href":"https:\/\/www.hashtag.al\/index.php\/wp-json\/wp\/v2\/types\/post"}],"author":[{"embeddable":true,"href":"https:\/\/www.hashtag.al\/index.php\/wp-json\/wp\/v2\/users\/32"}],"replies":[{"embeddable":true,"href":"https:\/\/www.hashtag.al\/index.php\/wp-json\/wp\/v2\/comments?post=331295"}],"version-history":[{"count":0,"href":"https:\/\/www.hashtag.al\/index.php\/wp-json\/wp\/v2\/posts\/331295\/revisions"}],"wp:featuredmedia":[{"embeddable":true,"href":"https:\/\/www.hashtag.al\/index.php\/wp-json\/wp\/v2\/media\/331296"}],"wp:attachment":[{"href":"https:\/\/www.hashtag.al\/index.php\/wp-json\/wp\/v2\/media?parent=331295"}],"wp:term":[{"taxonomy":"category","embeddable":true,"href":"https:\/\/www.hashtag.al\/index.php\/wp-json\/wp\/v2\/categories?post=331295"},{"taxonomy":"post_tag","embeddable":true,"href":"https:\/\/www.hashtag.al\/index.php\/wp-json\/wp\/v2\/tags?post=331295"}],"curies":[{"name":"wp","href":"https:\/\/api.w.org\/{rel}","templated":true}]}}