{"id":331210,"date":"2019-10-31T18:22:33","date_gmt":"2019-10-31T17:22:33","guid":{"rendered":"https:\/\/hashtag.al\/?p=331210"},"modified":"2019-10-31T18:22:33","modified_gmt":"2019-10-31T17:22:33","slug":"takimi-i-rames-me-conten-njohja-e-sigurimeve-shoqerore-te-emigranteve","status":"publish","type":"post","link":"https:\/\/www.hashtag.al\/index.php\/2019\/10\/31\/takimi-i-rames-me-conten-njohja-e-sigurimeve-shoqerore-te-emigranteve\/","title":{"rendered":"Takimi i Ram\u00ebs me Conten: Njohja e sigurimeve shoq\u00ebrore t\u00eb emigrant\u00ebve","gt_translate_keys":[{"key":"rendered","format":"text"}]},"content":{"rendered":"<p><img loading=\"lazy\" decoding=\"async\" class=\"aligncenter size-full wp-image-331211\" src=\"https:\/\/hashtag.al\/wp-content\/uploads\/2019\/10\/rama-conte.jpg\" alt=\"\" width=\"653\" height=\"450\" srcset=\"https:\/\/www.hashtag.al\/wp-content\/uploads\/2019\/10\/rama-conte.jpg 653w, https:\/\/www.hashtag.al\/wp-content\/uploads\/2019\/10\/rama-conte-300x207.jpg 300w\" sizes=\"auto, (max-width: 653px) 100vw, 653px\" \/><\/p>\n<p><span style=\"color: #000000;\">Njohje t\u00eb sigurimeve shoq\u00ebror\u00eb p\u00ebr emigrant\u00ebt shqiptar\u00eb q\u00eb jetojn\u00eb n\u00eb Itali. Kjo ka qen\u00eb k\u00ebrkesa q\u00eb kryeministri Edi Rama i ka b\u00ebr\u00eb sot homologut t\u00eb tij italian Giuseppe Conte.<\/span><\/p>\n<p><span style=\"color: #000000;\">Rama tha se bashk\u00ebpunimi n\u00eb k\u00ebt\u00eb drejtim mes dy vendeve \u00ebsht\u00eb konfirmuar nga kryeministri Conte. <em>\u201cDo t\u00eb vazhdojm\u00eb p\u00ebrpjekjet p\u00ebr mbylljen e marr\u00ebveshjes, e cila ka r\u00ebnd\u00ebsi p\u00ebr shqiptar\u00ebt n\u00eb Itali. Marr\u00ebveshja ka r\u00ebnd\u00ebsi p\u00ebr miq\u00ebsin\u00eb mes popujve tan\u00eb. Ashtu sikund\u00ebr meriton t\u00eb \u00e7mohet dhe t\u00eb futet n\u00eb rrug\u00ebn e zgjidhjes \u00e7\u00ebshtja e sigurimeve shoq\u00ebrore t\u00eb k\u00ebsaj mase t\u00eb madhe kontributor\u00ebsh n\u00eb shtetin italian<\/em>\u201d-tha Rama gjat\u00eb konferenc\u00ebs p\u00ebr shtyp.<\/span><\/p>\n","protected":false,"gt_translate_keys":[{"key":"rendered","format":"html"}]},"excerpt":{"rendered":"<p>Njohje t\u00eb sigurimeve shoq\u00ebror\u00eb p\u00ebr emigrant\u00ebt shqiptar\u00eb q\u00eb jetojn\u00eb n\u00eb Itali. Kjo ka qen\u00eb k\u00ebrkesa q\u00eb kryeministri Edi Rama i ka b\u00ebr\u00eb sot homologut t\u00eb tij italian Giuseppe Conte. Rama tha se bashk\u00ebpunimi n\u00eb k\u00ebt\u00eb drejtim mes dy vendeve \u00ebsht\u00eb konfirmuar nga kryeministri Conte. \u201cDo t\u00eb vazhdojm\u00eb p\u00ebrpjekjet p\u00ebr mbylljen e marr\u00ebveshjes, e cila ka [&hellip;]<\/p>\n","protected":false,"gt_translate_keys":[{"key":"rendered","format":"html"}]},"author":32,"featured_media":331211,"comment_status":"open","ping_status":"open","sticky":false,"template":"","format":"standard","meta":{"footnotes":""},"categories":[65,13],"tags":[],"class_list":["post-331210","post","type-post","status-publish","format-standard","has-post-thumbnail","hentry","category-lajme","category-te-fundit"],"gt_translate_keys":[{"key":"link","format":"url"}],"_links":{"self":[{"href":"https:\/\/www.hashtag.al\/index.php\/wp-json\/wp\/v2\/posts\/331210","targetHints":{"allow":["GET"]}}],"collection":[{"href":"https:\/\/www.hashtag.al\/index.php\/wp-json\/wp\/v2\/posts"}],"about":[{"href":"https:\/\/www.hashtag.al\/index.php\/wp-json\/wp\/v2\/types\/post"}],"author":[{"embeddable":true,"href":"https:\/\/www.hashtag.al\/index.php\/wp-json\/wp\/v2\/users\/32"}],"replies":[{"embeddable":true,"href":"https:\/\/www.hashtag.al\/index.php\/wp-json\/wp\/v2\/comments?post=331210"}],"version-history":[{"count":0,"href":"https:\/\/www.hashtag.al\/index.php\/wp-json\/wp\/v2\/posts\/331210\/revisions"}],"wp:featuredmedia":[{"embeddable":true,"href":"https:\/\/www.hashtag.al\/index.php\/wp-json\/wp\/v2\/media\/331211"}],"wp:attachment":[{"href":"https:\/\/www.hashtag.al\/index.php\/wp-json\/wp\/v2\/media?parent=331210"}],"wp:term":[{"taxonomy":"category","embeddable":true,"href":"https:\/\/www.hashtag.al\/index.php\/wp-json\/wp\/v2\/categories?post=331210"},{"taxonomy":"post_tag","embeddable":true,"href":"https:\/\/www.hashtag.al\/index.php\/wp-json\/wp\/v2\/tags?post=331210"}],"curies":[{"name":"wp","href":"https:\/\/api.w.org\/{rel}","templated":true}]}}