{"id":330987,"date":"2019-10-30T20:44:14","date_gmt":"2019-10-30T19:44:14","guid":{"rendered":"https:\/\/hashtag.al\/?p=330987"},"modified":"2019-10-30T20:44:14","modified_gmt":"2019-10-30T19:44:14","slug":"deshmitar-ne-tentativen-per-grusht-shteti-ne-malin-e-zi-serbi-i-denuar-per-vrasje-ekstradohet-ne-kroaci","status":"publish","type":"post","link":"https:\/\/www.hashtag.al\/index.php\/2019\/10\/30\/deshmitar-ne-tentativen-per-grusht-shteti-ne-malin-e-zi-serbi-i-denuar-per-vrasje-ekstradohet-ne-kroaci\/","title":{"rendered":"D\u00ebshmitar n\u00eb tentativ\u00ebn p\u00ebr grusht shteti n\u00eb Malin e Zi, serbi i d\u00ebnuar p\u00ebr vrasje ekstradohet n\u00eb Kroaci","gt_translate_keys":[{"key":"rendered","format":"text"}]},"content":{"rendered":"<p><img loading=\"lazy\" decoding=\"async\" class=\"aligncenter size-full wp-image-330988\" src=\"https:\/\/hashtag.al\/wp-content\/uploads\/2019\/10\/ekstradimi1-770x433.jpg\" alt=\"\" width=\"770\" height=\"433\" srcset=\"https:\/\/www.hashtag.al\/wp-content\/uploads\/2019\/10\/ekstradimi1-770x433.jpg 770w, https:\/\/www.hashtag.al\/wp-content\/uploads\/2019\/10\/ekstradimi1-770x433-300x169.jpg 300w, https:\/\/www.hashtag.al\/wp-content\/uploads\/2019\/10\/ekstradimi1-770x433-768x432.jpg 768w\" sizes=\"auto, (max-width: 770px) 100vw, 770px\" \/><\/p>\n<p><span style=\"color: #000000;\">Nj\u00eb shtetas serb i k\u00ebrkuar p\u00ebr vrasje dhe grabitje n\u00eb Kroaci \u00ebsht\u00eb ekstraduar nga Mali i Zi, por Sasha Sindjelic ka qen\u00eb edhe d\u00ebshmitar n\u00eb tentativ\u00ebn p\u00ebr grusht shteti.<\/span><\/p>\n<p><span style=\"color: #000000;\">Sasa Sindjelic \u00ebsht\u00eb d\u00ebnuar n\u00eb Kroaci me 21 vite burg p\u00ebr vrasje dhe grabitje t\u00eb ndryshme. Ai u arrestua n\u00eb korrik pas l\u00ebshimit t\u00eb nj\u00eb mandat arresti nga Interpoli kroat. N\u00eb shtator, Gjykata Supreme e Podgoric\u00ebs miratoi k\u00ebrkes\u00ebn e pal\u00ebs kroat\u00eb p\u00ebr t\u00eb dor\u00ebzuar Sindjeli\u00e7in.<\/span><\/p>\n<p><span style=\"color: #000000;\">Sindjeli\u00e7 u b\u00eb i njohur n\u00eb Malin e Zi kur d\u00ebshmoi n\u00eb lidhje me pretendimet se gjat\u00eb zgjedhjeve t\u00eb vitit 2016, disa lider\u00eb t\u00eb opozit\u00ebs n\u00eb bashk\u00ebpunim me sh\u00ebrbimin sekret rus po planifikonin rr\u00ebzimin e qeveris\u00eb. N\u00eb maj, Gjykata e Podgoric\u00ebs d\u00ebnoi me 15 vite burg, dy lider\u00eb t\u00eb opozit\u00ebs malazeze dhe dy persona t\u00eb dyshuar si t\u00eb lidhur me sh\u00ebrbimin informative rus.<\/span><\/p>\n","protected":false,"gt_translate_keys":[{"key":"rendered","format":"html"}]},"excerpt":{"rendered":"<p>Nj\u00eb shtetas serb i k\u00ebrkuar p\u00ebr vrasje dhe grabitje n\u00eb Kroaci \u00ebsht\u00eb ekstraduar nga Mali i Zi, por Sasha Sindjelic ka qen\u00eb edhe d\u00ebshmitar n\u00eb tentativ\u00ebn p\u00ebr grusht shteti. Sasa Sindjelic \u00ebsht\u00eb d\u00ebnuar n\u00eb Kroaci me 21 vite burg p\u00ebr vrasje dhe grabitje t\u00eb ndryshme. Ai u arrestua n\u00eb korrik pas l\u00ebshimit t\u00eb nj\u00eb mandat [&hellip;]<\/p>\n","protected":false,"gt_translate_keys":[{"key":"rendered","format":"html"}]},"author":32,"featured_media":330988,"comment_status":"open","ping_status":"open","sticky":false,"template":"","format":"standard","meta":{"footnotes":""},"categories":[149,13],"tags":[],"class_list":["post-330987","post","type-post","status-publish","format-standard","has-post-thumbnail","hentry","category-kosoverajon","category-te-fundit"],"gt_translate_keys":[{"key":"link","format":"url"}],"_links":{"self":[{"href":"https:\/\/www.hashtag.al\/index.php\/wp-json\/wp\/v2\/posts\/330987","targetHints":{"allow":["GET"]}}],"collection":[{"href":"https:\/\/www.hashtag.al\/index.php\/wp-json\/wp\/v2\/posts"}],"about":[{"href":"https:\/\/www.hashtag.al\/index.php\/wp-json\/wp\/v2\/types\/post"}],"author":[{"embeddable":true,"href":"https:\/\/www.hashtag.al\/index.php\/wp-json\/wp\/v2\/users\/32"}],"replies":[{"embeddable":true,"href":"https:\/\/www.hashtag.al\/index.php\/wp-json\/wp\/v2\/comments?post=330987"}],"version-history":[{"count":0,"href":"https:\/\/www.hashtag.al\/index.php\/wp-json\/wp\/v2\/posts\/330987\/revisions"}],"wp:featuredmedia":[{"embeddable":true,"href":"https:\/\/www.hashtag.al\/index.php\/wp-json\/wp\/v2\/media\/330988"}],"wp:attachment":[{"href":"https:\/\/www.hashtag.al\/index.php\/wp-json\/wp\/v2\/media?parent=330987"}],"wp:term":[{"taxonomy":"category","embeddable":true,"href":"https:\/\/www.hashtag.al\/index.php\/wp-json\/wp\/v2\/categories?post=330987"},{"taxonomy":"post_tag","embeddable":true,"href":"https:\/\/www.hashtag.al\/index.php\/wp-json\/wp\/v2\/tags?post=330987"}],"curies":[{"name":"wp","href":"https:\/\/api.w.org\/{rel}","templated":true}]}}