{"id":330982,"date":"2019-10-30T20:22:41","date_gmt":"2019-10-30T19:22:41","guid":{"rendered":"https:\/\/hashtag.al\/?p=330982"},"modified":"2019-10-30T20:22:41","modified_gmt":"2019-10-30T19:22:41","slug":"rikthimi-i-shiut-dhe-rruget-e-vlores-mbyten-nga-uji","status":"publish","type":"post","link":"https:\/\/www.hashtag.al\/index.php\/2019\/10\/30\/rikthimi-i-shiut-dhe-rruget-e-vlores-mbyten-nga-uji\/","title":{"rendered":"Rikthimi i shiut dhe rrug\u00ebt e Vlor\u00ebs mbyten nga uji","gt_translate_keys":[{"key":"rendered","format":"text"}]},"content":{"rendered":"<p><img loading=\"lazy\" decoding=\"async\" class=\"aligncenter size-full wp-image-330983\" src=\"https:\/\/hashtag.al\/wp-content\/uploads\/2019\/10\/Screenshot_1-79.jpg\" alt=\"\" width=\"604\" height=\"298\" srcset=\"https:\/\/www.hashtag.al\/wp-content\/uploads\/2019\/10\/Screenshot_1-79.jpg 604w, https:\/\/www.hashtag.al\/wp-content\/uploads\/2019\/10\/Screenshot_1-79-300x148.jpg 300w\" sizes=\"auto, (max-width: 604px) 100vw, 604px\" \/><\/p>\n<p><span style=\"color: #000000;\">Me shiun e par\u00eb dhe problemet e vjetra dalin n\u00eb Vlor\u00eb. Rrug\u00ebt e qytetit jugor bregdetar jan\u00eb mbushur pas shiut t\u00eb sot\u00ebm.<\/span><\/p>\n<p><span style=\"color: #000000;\">R\u00ebshjet e r\u00ebna me intesitet gjat\u00eb or\u00ebve t\u00eb mbr\u00ebmjes s\u00eb sotme kan\u00eb sjell\u00eb disa problematika n\u00eb qytet.<\/span><\/p>\n<p><span style=\"color: #000000;\">Si pasoj\u00eb, rruga n\u00eb lagjen \u201c28 N\u00ebntori\u201d ka pasur probleme n\u00eb qarkullim, po ashtu edhe n\u00eb zon\u00ebn e Skel\u00ebs.<\/span><\/p>\n<p>&nbsp;<\/p>\n","protected":false,"gt_translate_keys":[{"key":"rendered","format":"html"}]},"excerpt":{"rendered":"<p>Me shiun e par\u00eb dhe problemet e vjetra dalin n\u00eb Vlor\u00eb. Rrug\u00ebt e qytetit jugor bregdetar jan\u00eb mbushur pas shiut t\u00eb sot\u00ebm. R\u00ebshjet e r\u00ebna me intesitet gjat\u00eb or\u00ebve t\u00eb mbr\u00ebmjes s\u00eb sotme kan\u00eb sjell\u00eb disa problematika n\u00eb qytet. Si pasoj\u00eb, rruga n\u00eb lagjen \u201c28 N\u00ebntori\u201d ka pasur probleme n\u00eb qarkullim, po ashtu edhe n\u00eb [&hellip;]<\/p>\n","protected":false,"gt_translate_keys":[{"key":"rendered","format":"html"}]},"author":32,"featured_media":330983,"comment_status":"open","ping_status":"open","sticky":false,"template":"","format":"standard","meta":{"footnotes":""},"categories":[65,13],"tags":[],"class_list":["post-330982","post","type-post","status-publish","format-standard","has-post-thumbnail","hentry","category-lajme","category-te-fundit"],"gt_translate_keys":[{"key":"link","format":"url"}],"_links":{"self":[{"href":"https:\/\/www.hashtag.al\/index.php\/wp-json\/wp\/v2\/posts\/330982","targetHints":{"allow":["GET"]}}],"collection":[{"href":"https:\/\/www.hashtag.al\/index.php\/wp-json\/wp\/v2\/posts"}],"about":[{"href":"https:\/\/www.hashtag.al\/index.php\/wp-json\/wp\/v2\/types\/post"}],"author":[{"embeddable":true,"href":"https:\/\/www.hashtag.al\/index.php\/wp-json\/wp\/v2\/users\/32"}],"replies":[{"embeddable":true,"href":"https:\/\/www.hashtag.al\/index.php\/wp-json\/wp\/v2\/comments?post=330982"}],"version-history":[{"count":0,"href":"https:\/\/www.hashtag.al\/index.php\/wp-json\/wp\/v2\/posts\/330982\/revisions"}],"wp:featuredmedia":[{"embeddable":true,"href":"https:\/\/www.hashtag.al\/index.php\/wp-json\/wp\/v2\/media\/330983"}],"wp:attachment":[{"href":"https:\/\/www.hashtag.al\/index.php\/wp-json\/wp\/v2\/media?parent=330982"}],"wp:term":[{"taxonomy":"category","embeddable":true,"href":"https:\/\/www.hashtag.al\/index.php\/wp-json\/wp\/v2\/categories?post=330982"},{"taxonomy":"post_tag","embeddable":true,"href":"https:\/\/www.hashtag.al\/index.php\/wp-json\/wp\/v2\/tags?post=330982"}],"curies":[{"name":"wp","href":"https:\/\/api.w.org\/{rel}","templated":true}]}}