{"id":330937,"date":"2019-10-30T16:42:34","date_gmt":"2019-10-30T15:42:34","guid":{"rendered":"https:\/\/hashtag.al\/?p=330937"},"modified":"2019-10-30T16:50:50","modified_gmt":"2019-10-30T15:50:50","slug":"autoritetet-shqiptare-trillojne-histori-mitike-argumentet-e-bushatit-nje-analfabetizem-kompjuterik-ambasada-ruse","status":"publish","type":"post","link":"https:\/\/www.hashtag.al\/index.php\/2019\/10\/30\/autoritetet-shqiptare-trillojne-histori-mitike-argumentet-e-bushatit-nje-analfabetizem-kompjuterik-ambasada-ruse\/","title":{"rendered":"&#8220;Autoritetet shqiptare trillojn\u00eb histori mitike, argumentet e Bushatit nj\u00eb analfabetiz\u00ebm kompjuterik&#8221; &#8211; Ambasada ruse","gt_translate_keys":[{"key":"rendered","format":"text"}]},"content":{"rendered":"<p><span style=\"color: #000000;\">\u00a0<\/span><\/p>\n<p><span style=\"color: #000000;\"><img loading=\"lazy\" decoding=\"async\" class=\"aligncenter size-full wp-image-330938\" src=\"https:\/\/hashtag.al\/wp-content\/uploads\/2019\/10\/bushatikarpushin.jpg\" alt=\"\" width=\"2000\" height=\"1000\" srcset=\"https:\/\/www.hashtag.al\/wp-content\/uploads\/2019\/10\/bushatikarpushin.jpg 2000w, https:\/\/www.hashtag.al\/wp-content\/uploads\/2019\/10\/bushatikarpushin-300x150.jpg 300w, https:\/\/www.hashtag.al\/wp-content\/uploads\/2019\/10\/bushatikarpushin-768x384.jpg 768w, https:\/\/www.hashtag.al\/wp-content\/uploads\/2019\/10\/bushatikarpushin-1024x512.jpg 1024w\" sizes=\"auto, (max-width: 2000px) 100vw, 2000px\" \/><\/span><\/p>\n<p><span style=\"color: #000000;\">Ambasada ruse n\u00eb Tiran\u00eb ka reaguar dit\u00ebn e sotme pas konferenc\u00ebs \u2018US Policy in Western Balkans\u2019.<\/span><\/p>\n<p><span style=\"color: #000000;\"> N\u00eb nj\u00eb deklarat\u00eb zyrtare n\u00eb faqen \u00a0e saj n\u00eb Facebook, ambasada i cil\u00ebson si trillime pretendimet e qeveris\u00eb shqiptare p\u00ebr nd\u00ebrhyrje n\u00eb pun\u00ebt e vendit. <\/span><\/p>\n<p><span style=\"color: #000000;\">N\u00eb deklarat\u00eb theksohet gjithashtu se l\u00ebvizjet e qeveris\u00eb shqiptare jan\u00eb sajesa e histori mitike p\u00ebr t\u00eb justifikuar p\u00ebrplasjet e brendshme.<\/span><\/p>\n<p><span style=\"color: #000000;\">M\u00eb tej n\u00eb reagim, ambasada deklaron se pas argumenteve t\u00eb deputetit socialist Ervin Bushati, jan\u00eb bindur p\u00ebr analfabetizmin kompjuterik t\u00eb krijuesve t\u00eb k\u00ebsaj \u2018vepre\u2019.<\/span><\/p>\n<p><span style=\"color: #000000;\"><strong>Reagimi i plot\u00eb i ambasad\u00ebs<\/strong><\/span><\/p>\n<p><span style=\"text-decoration: underline; color: #000000;\"><em>\u2018Koment i Ambasad\u00ebs n\u00eb lidhje me konferenc\u00ebn \u00abUS Policy in the Western Balkans\u00bb dhe rritjen e histerik\u00ebs antiruse<\/em><\/span><\/p>\n<p><span style=\"color: #000000;\"><em>Jemi njohur me fjalimet e mbajtura nga fol\u00ebsit e konferenc\u00ebs \u00abUS Policy in the Western Balkans\u00bb, si edhe me planet e parlamentar\u00ebve shqiptar\u00eb p\u00ebr miratimin e rezolut\u00ebs p\u00ebr \u201cnd\u00ebrhyrje t\u00eb huaj\u201d. Sa her\u00eb q\u00eb jemi akuzuar p\u00ebr nd\u00ebrhyrje n\u00eb pun\u00ebt e brendshme t\u00eb Tiran\u00ebs, ne kemi pritur me padurim t\u00eb pakt\u00ebn edhe nj\u00eb prov\u00eb p\u00ebr k\u00ebt\u00eb. Por, miqt\u00eb tan\u00eb shqiptar\u00eb nuk kan\u00eb mundur t\u00eb paraqesin as edhe nj\u00eb prov\u00eb. <\/em><\/span><\/p>\n<p><span style=\"color: #000000;\"><em>\u00cbsht\u00eb fatkeq\u00ebsi q\u00eb autoritetet shqiptare trillojn\u00eb histori mitike p\u00ebr t\u00eb justifikuar \u201cp\u00ebrleshjet\u201d ekzistuese n\u00eb politik\u00ebn e brendshme, nga t\u00eb cilat ne q\u00ebndrojm\u00eb larg. \u00cbsht\u00eb p\u00ebr t\u00eb ardhur keq q\u00eb e gjitha kjo po ndodh duksh\u00ebm n\u00ebn nj\u00eb marr\u00ebveshje t\u00eb heshtur t\u00eb Ambasad\u00ebs s\u00eb SHBA-ve (ah po, kjo nuk quhet nd\u00ebrhyrje n\u00eb pun\u00ebt e brendshme). Akoma m\u00eb keq, pasi kemi d\u00ebgjuar argumentet e autorit t\u00eb rezolut\u00ebs, z. Ervin Bushati p\u00ebr nj\u00eb far\u00eb virusi, me an\u00eb t\u00eb t\u00eb cilit rus\u00ebt mund t\u00eb &#8220;infektojn\u00eb&#8221; gjith\u00eb kompjuter\u00ebt n\u00eb rajonin e Ballkanit, u bind\u00ebm p\u00ebr analfabetizmin kompjuterik t\u00eb krijuesve t\u00eb k\u00ebsaj \u201cvepre\u201d.<\/em><\/span><\/p>\n<p><span style=\"color: #000000;\"><em>Me k\u00ebmb\u00ebngulje u rekomadojm\u00eb t\u00eb lexojn\u00eb librin \u201cSiguria Nd\u00ebrkomb\u00ebtare e Informacionit\u201d t\u00eb sapobotuar n\u00eb Rusi t\u00eb nj\u00eb prej specialist\u00ebve m\u00eb t\u00eb m\u00ebdhenj t\u00eb MPJ-s\u00eb ruse n\u00eb k\u00ebt\u00eb fush\u00eb.\u2019<\/em><\/span><\/p>\n<p>&nbsp;<\/p>\n<p><img loading=\"lazy\" decoding=\"async\" class=\"aligncenter size-full wp-image-330939\" src=\"https:\/\/hashtag.al\/wp-content\/uploads\/2019\/10\/ambasadaruse30tetor.png\" alt=\"\" width=\"858\" height=\"722\" srcset=\"https:\/\/www.hashtag.al\/wp-content\/uploads\/2019\/10\/ambasadaruse30tetor.png 858w, https:\/\/www.hashtag.al\/wp-content\/uploads\/2019\/10\/ambasadaruse30tetor-300x252.png 300w, https:\/\/www.hashtag.al\/wp-content\/uploads\/2019\/10\/ambasadaruse30tetor-768x646.png 768w\" sizes=\"auto, (max-width: 858px) 100vw, 858px\" \/><\/p>\n","protected":false,"gt_translate_keys":[{"key":"rendered","format":"html"}]},"excerpt":{"rendered":"<p>\u00a0 Ambasada ruse n\u00eb Tiran\u00eb ka reaguar dit\u00ebn e sotme pas konferenc\u00ebs \u2018US Policy in Western Balkans\u2019. N\u00eb nj\u00eb deklarat\u00eb zyrtare n\u00eb faqen \u00a0e saj n\u00eb Facebook, ambasada i cil\u00ebson si trillime pretendimet e qeveris\u00eb shqiptare p\u00ebr nd\u00ebrhyrje n\u00eb pun\u00ebt e vendit. N\u00eb deklarat\u00eb theksohet gjithashtu se l\u00ebvizjet e qeveris\u00eb shqiptare jan\u00eb sajesa e histori [&hellip;]<\/p>\n","protected":false,"gt_translate_keys":[{"key":"rendered","format":"html"}]},"author":51,"featured_media":330938,"comment_status":"open","ping_status":"open","sticky":false,"template":"","format":"standard","meta":{"footnotes":""},"categories":[65,13],"tags":[],"class_list":["post-330937","post","type-post","status-publish","format-standard","has-post-thumbnail","hentry","category-lajme","category-te-fundit"],"gt_translate_keys":[{"key":"link","format":"url"}],"_links":{"self":[{"href":"https:\/\/www.hashtag.al\/index.php\/wp-json\/wp\/v2\/posts\/330937","targetHints":{"allow":["GET"]}}],"collection":[{"href":"https:\/\/www.hashtag.al\/index.php\/wp-json\/wp\/v2\/posts"}],"about":[{"href":"https:\/\/www.hashtag.al\/index.php\/wp-json\/wp\/v2\/types\/post"}],"author":[{"embeddable":true,"href":"https:\/\/www.hashtag.al\/index.php\/wp-json\/wp\/v2\/users\/51"}],"replies":[{"embeddable":true,"href":"https:\/\/www.hashtag.al\/index.php\/wp-json\/wp\/v2\/comments?post=330937"}],"version-history":[{"count":0,"href":"https:\/\/www.hashtag.al\/index.php\/wp-json\/wp\/v2\/posts\/330937\/revisions"}],"wp:featuredmedia":[{"embeddable":true,"href":"https:\/\/www.hashtag.al\/index.php\/wp-json\/wp\/v2\/media\/330938"}],"wp:attachment":[{"href":"https:\/\/www.hashtag.al\/index.php\/wp-json\/wp\/v2\/media?parent=330937"}],"wp:term":[{"taxonomy":"category","embeddable":true,"href":"https:\/\/www.hashtag.al\/index.php\/wp-json\/wp\/v2\/categories?post=330937"},{"taxonomy":"post_tag","embeddable":true,"href":"https:\/\/www.hashtag.al\/index.php\/wp-json\/wp\/v2\/tags?post=330937"}],"curies":[{"name":"wp","href":"https:\/\/api.w.org\/{rel}","templated":true}]}}