{"id":330818,"date":"2019-10-30T10:08:43","date_gmt":"2019-10-30T09:08:43","guid":{"rendered":"https:\/\/hashtag.al\/?p=330818"},"modified":"2019-10-30T13:29:50","modified_gmt":"2019-10-30T12:29:50","slug":"eurodeputetja-franceze-zgjedhjet-e-30-qershorit-bllokuan-negociatat-ishin-qesharake","status":"publish","type":"post","link":"https:\/\/www.hashtag.al\/index.php\/2019\/10\/30\/eurodeputetja-franceze-zgjedhjet-e-30-qershorit-bllokuan-negociatat-ishin-qesharake\/","title":{"rendered":"Eurodeputetja franceze: Zgjedhjet e 30 qershorit bllokuan negociatat, ishin qesharake","gt_translate_keys":[{"key":"rendered","format":"text"}]},"content":{"rendered":"<p><a href=\"https:\/\/hashtag.al\/wp-content\/uploads\/2019\/10\/Bilde.jpg\"><img loading=\"lazy\" decoding=\"async\" class=\"aligncenter size-full wp-image-330819\" src=\"https:\/\/hashtag.al\/wp-content\/uploads\/2019\/10\/Bilde.jpg\" alt=\"\" width=\"780\" height=\"405\" srcset=\"https:\/\/www.hashtag.al\/wp-content\/uploads\/2019\/10\/Bilde.jpg 780w, https:\/\/www.hashtag.al\/wp-content\/uploads\/2019\/10\/Bilde-300x156.jpg 300w, https:\/\/www.hashtag.al\/wp-content\/uploads\/2019\/10\/Bilde-768x399.jpg 768w\" sizes=\"auto, (max-width: 780px) 100vw, 780px\" \/><\/a><\/p>\n<p><span style=\"color: #000000;\">Eurodeputetja franceze e grupimit t\u00eb Demokratik dhe Identitar, Dominique Bilde, ka pranuar se zgjedhjet e qershorit ishin qesharake dhe aspak pran\u00eb standardeve europiane duke i konsideruar si nj\u00eb nd\u00ebr shkaqet q\u00eb \u00e7uan n\u00eb mos hapjen e negociatave.<\/span><\/p>\n<p><span style=\"color: #000000;\">N\u00eb nj\u00eb intervist\u00eb \u201c<span style=\"color: #0000ff;\"><a style=\"color: #0000ff;\" href=\"http:\/\/shekulli.com.al\/dominique-bilde-zgjedhjet-e-30-qershorit-bllokuan-integrimin-e-shqiperise\/\">Shekulli<\/a><\/span>\u201d, Bilde thot\u00eb se Shqip\u00ebria \u00ebsht\u00eb n\u00eb nj\u00eb kriz\u00eb t\u00eb thell\u00eb politike dhe se shum\u00eb lider\u00eb t\u00eb Bashkimit Europian kan\u00eb disa koh\u00eb q\u00eb jan\u00eb skeptik\u00eb p\u00ebr v\u00ebrtet\u00ebsin\u00eb e t\u00eb dh\u00ebnave t\u00eb publikuara nga ana e Komisionit Europian, n\u00eb lidhje me vendet kandidate p\u00ebr n\u00eb BE dhe posa\u00e7\u00ebrisht p\u00ebr rastin e Shqip\u00ebris\u00eb.<\/span><\/p>\n<p><em><span style=\"color: #000000;\">\u00a0\u201cUn\u00eb nuk kam asnj\u00eb arsye t\u00eb flas n\u00eb em\u00ebr t\u00eb shqiptar\u00ebve ose t\u00eb jap gjykime p\u00ebr pun\u00ebt e tyre t\u00eb brendshme. Un\u00eb po flas p\u00ebr Shqip\u00ebrin\u00eb vet\u00ebm nga pik\u00ebpamja e favorshme e nj\u00eb an\u00ebtareje Franceze t\u00eb Parlamentit Europian, e shqet\u00ebsuar p\u00ebr pasojat p\u00ebr Franc\u00ebn e nj\u00eb pranimi t\u00eb Shqip\u00ebris\u00eb n\u00eb Bashkimin Europian.<\/span><\/em><\/p>\n<p><em><span style=\"color: #000000;\">Sidoqoft\u00eb, \u00ebsht\u00eb e ditur q\u00eb megjith\u00ebse Komisioni Europian \u00ebsht\u00eb i prirur t\u00eb heq\u00eb diskursin p\u00ebr p\u00ebrmir\u00ebsimin e supozuar t\u00eb situat\u00ebs n\u00eb Shqip\u00ebri, ve\u00e7an\u00ebrisht n\u00eb raportet vjetore t\u00eb publikuara nga Komisioni Europian, ku nuk \u00ebsht\u00eb krejt imazhi q\u00eb paraqitet. N\u00eb lidhje me situat\u00ebn politike, Shqip\u00ebria ka kaluar nj\u00eb kriz\u00eb t\u00eb madhe q\u00eb t\u00eb pakt\u00ebn nga shkurti 2019, kur opozita parlamentare bashk\u00ebrisht hoq\u00ebn dor\u00eb nga mandati i tyre.<\/span><\/em><\/p>\n<p><span style=\"color: #000000;\"><em>P\u00ebr m\u00eb tep\u00ebr, megjith\u00ebse Bashkimi Europian ishte i prirur t\u2019i gjykonte zgjedhjet e mbajtura n\u00eb 30 qershor si \u201cpaq\u00ebsore\u201d dhe \u201ct\u00eb administruara mir\u00eb\u201d, kjo \u00ebsht\u00eb nj\u00eb thirrje shum\u00eb larg nga e v\u00ebrteta, pasi pjes\u00ebmarrja ishte qesharake, e ul\u00ebt (rreth 20%) p\u00ebr shkak t\u00eb bojkotit t\u00eb opozit\u00ebs. N\u00eb fakt, n\u00eb 31 nga 61 bashkit\u00eb, kandidonte vet\u00ebm nj\u00eb kandidat! A \u00ebsht\u00eb kjo me t\u00eb v\u00ebrtet\u00eb situata e nj\u00eb vendi q\u00eb i plot\u00ebson pretendimet tona \u201cstandarde europiane?!&#8221;,<\/em> ka deklaruar Bilde \u00a0p\u00ebr k\u00ebt\u00eb \u00e7\u00ebshtje.<\/span><\/p>\n<p><span style=\"color: #000000;\">Sipas eurodeputetes ka dyshime mbi t\u00eb dh\u00ebnat q\u00eb publikon Komisioni Europian n\u00eb lidhje me korrupsionin t\u00eb cilat nuk p\u00ebrputhen me realitetin<\/span><\/p>\n<p><em><span style=\"color: #000000;\">\u201cPor kjo kriz\u00eb e hapur politike \u00ebsht\u00eb e nd\u00ebrlikuar nga problemet strukturore, t\u00eb cilat, p\u00ebr mendimin tim, e b\u00ebjn\u00eb pranimin e Shqip\u00ebris\u00eb n\u00eb Bashkimin Europian t\u00eb k\u00ebshilluar keq t\u00eb thuash m\u00eb s\u00eb paku. S\u00eb pari, ekonomikisht, paga mesatare \u00ebsht\u00eb shum\u00eb e ul\u00ebt n\u00eb krahasim me Europ\u00ebn Per\u00ebndimore, ve\u00e7an\u00ebrisht Franc\u00ebn, dhe situata n\u00eb p\u00ebrgjith\u00ebsi nuk duket shum\u00eb e mir\u00eb. M\u00eb lejoni t\u2019ju jap nj\u00eb shembull: n\u00eb Franc\u00eb n\u00eb vitin 2017, shqiptar\u00ebt ishin komb\u00ebsia e par\u00eb n\u00eb mesin e azilk\u00ebrkuesve!<\/span><\/em><\/p>\n<p><span style=\"color: #000000;\"><em>A do t\u00eb ishte ky rast n\u00ebse k\u00ebta njer\u00ebz do t\u00eb kishin mund\u00ebsi t\u00eb favorshme ekonomike n\u00eb sht\u00ebpi? P\u00ebr sa i p\u00ebrket luft\u00ebs kund\u00ebr korrupsionit, raporti i Komisionit Europian p\u00ebr vitin 2019 theksoi se ishte b\u00ebr\u00eb p\u00ebrparim. Sidoqoft\u00eb, Transparenca Nd\u00ebrkomb\u00ebtare uli indeksin e Shqip\u00ebris\u00eb midis viteve 2017 dhe 2018. Vet\u00eb Presidenti shqiptar, Z. Meta, theksoi se renditja e Shqip\u00ebris\u00eb nga Banka Bot\u00ebrore, renditja `T\u00eb B\u00ebsh Biznes` ishte p\u00ebrkeq\u00ebsuar\u201d<\/em>,\u00a0tha Bilde mes t\u00eb tjerash.<\/span><\/p>\n<p>&nbsp;<\/p>\n","protected":false,"gt_translate_keys":[{"key":"rendered","format":"html"}]},"excerpt":{"rendered":"<p>Eurodeputetja franceze e grupimit t\u00eb Demokratik dhe Identitar, Dominique Bilde, ka pranuar se zgjedhjet e qershorit ishin qesharake dhe aspak pran\u00eb standardeve europiane duke i konsideruar si nj\u00eb nd\u00ebr shkaqet q\u00eb \u00e7uan n\u00eb mos hapjen e negociatave. N\u00eb nj\u00eb intervist\u00eb \u201cShekulli\u201d, Bilde thot\u00eb se Shqip\u00ebria \u00ebsht\u00eb n\u00eb nj\u00eb kriz\u00eb t\u00eb thell\u00eb politike dhe se shum\u00eb [&hellip;]<\/p>\n","protected":false,"gt_translate_keys":[{"key":"rendered","format":"html"}]},"author":30,"featured_media":330819,"comment_status":"open","ping_status":"open","sticky":false,"template":"","format":"standard","meta":{"footnotes":""},"categories":[22,65,13],"tags":[],"class_list":["post-330818","post","type-post","status-publish","format-standard","has-post-thumbnail","hentry","category-ballina","category-lajme","category-te-fundit"],"gt_translate_keys":[{"key":"link","format":"url"}],"_links":{"self":[{"href":"https:\/\/www.hashtag.al\/index.php\/wp-json\/wp\/v2\/posts\/330818","targetHints":{"allow":["GET"]}}],"collection":[{"href":"https:\/\/www.hashtag.al\/index.php\/wp-json\/wp\/v2\/posts"}],"about":[{"href":"https:\/\/www.hashtag.al\/index.php\/wp-json\/wp\/v2\/types\/post"}],"author":[{"embeddable":true,"href":"https:\/\/www.hashtag.al\/index.php\/wp-json\/wp\/v2\/users\/30"}],"replies":[{"embeddable":true,"href":"https:\/\/www.hashtag.al\/index.php\/wp-json\/wp\/v2\/comments?post=330818"}],"version-history":[{"count":0,"href":"https:\/\/www.hashtag.al\/index.php\/wp-json\/wp\/v2\/posts\/330818\/revisions"}],"wp:featuredmedia":[{"embeddable":true,"href":"https:\/\/www.hashtag.al\/index.php\/wp-json\/wp\/v2\/media\/330819"}],"wp:attachment":[{"href":"https:\/\/www.hashtag.al\/index.php\/wp-json\/wp\/v2\/media?parent=330818"}],"wp:term":[{"taxonomy":"category","embeddable":true,"href":"https:\/\/www.hashtag.al\/index.php\/wp-json\/wp\/v2\/categories?post=330818"},{"taxonomy":"post_tag","embeddable":true,"href":"https:\/\/www.hashtag.al\/index.php\/wp-json\/wp\/v2\/tags?post=330818"}],"curies":[{"name":"wp","href":"https:\/\/api.w.org\/{rel}","templated":true}]}}