{"id":330709,"date":"2019-10-29T21:10:43","date_gmt":"2019-10-29T20:10:43","guid":{"rendered":"https:\/\/hashtag.al\/?p=330709"},"modified":"2019-10-29T21:10:43","modified_gmt":"2019-10-29T20:10:43","slug":"korca-lekundet-nga-termeti","status":"publish","type":"post","link":"https:\/\/www.hashtag.al\/index.php\/2019\/10\/29\/korca-lekundet-nga-termeti\/","title":{"rendered":"Kor\u00e7a l\u00ebkundet nga t\u00ebrmeti","gt_translate_keys":[{"key":"rendered","format":"text"}]},"content":{"rendered":"<p><img loading=\"lazy\" decoding=\"async\" class=\"aligncenter size-full wp-image-249800\" src=\"https:\/\/hashtag.al\/wp-content\/uploads\/2018\/11\/termeti2.jpg\" alt=\"\" width=\"900\" height=\"544\" srcset=\"https:\/\/www.hashtag.al\/wp-content\/uploads\/2018\/11\/termeti2.jpg 900w, https:\/\/www.hashtag.al\/wp-content\/uploads\/2018\/11\/termeti2-300x181.jpg 300w, https:\/\/www.hashtag.al\/wp-content\/uploads\/2018\/11\/termeti2-768x464.jpg 768w\" sizes=\"auto, (max-width: 900px) 100vw, 900px\" \/><span style=\"color: #000000;\">Nj\u00eb t\u00ebrmet i leht\u00eb me magnitud\u00eb 3.1 i shkall\u00ebs Rihter ka r\u00ebn\u00eb mbr\u00ebmjen e sotme n\u00eb Kor\u00e7\u00eb.<\/span><\/p>\n<p><span style=\"color: #000000;\">L\u00ebkundjet nuk kan\u00eb qen\u00eb t\u00eb forta, teksa nuk b\u00ebhet fjal\u00eb as p\u00ebr d\u00ebme materiale as n\u00eb njer\u00ebz.<\/span><\/p>\n<p><span style=\"color: #000000;\">Edhe disa dit\u00eb m\u00eb par\u00eb u ndjen\u00eb l\u00ebkundje t\u00eb lehta n\u00eb Kor\u00e7\u00eb.<\/span><\/p>\n<p><img loading=\"lazy\" decoding=\"async\" class=\"aligncenter size-full wp-image-330710\" src=\"https:\/\/hashtag.al\/wp-content\/uploads\/2019\/10\/termet-29-tetor-2019.jpg\" alt=\"\" width=\"800\" height=\"234\" srcset=\"https:\/\/www.hashtag.al\/wp-content\/uploads\/2019\/10\/termet-29-tetor-2019.jpg 800w, https:\/\/www.hashtag.al\/wp-content\/uploads\/2019\/10\/termet-29-tetor-2019-300x88.jpg 300w, https:\/\/www.hashtag.al\/wp-content\/uploads\/2019\/10\/termet-29-tetor-2019-768x225.jpg 768w\" sizes=\"auto, (max-width: 800px) 100vw, 800px\" \/><\/p>\n","protected":false,"gt_translate_keys":[{"key":"rendered","format":"html"}]},"excerpt":{"rendered":"<p>Nj\u00eb t\u00ebrmet i leht\u00eb me magnitud\u00eb 3.1 i shkall\u00ebs Rihter ka r\u00ebn\u00eb mbr\u00ebmjen e sotme n\u00eb Kor\u00e7\u00eb. L\u00ebkundjet nuk kan\u00eb qen\u00eb t\u00eb forta, teksa nuk b\u00ebhet fjal\u00eb as p\u00ebr d\u00ebme materiale as n\u00eb njer\u00ebz. Edhe disa dit\u00eb m\u00eb par\u00eb u ndjen\u00eb l\u00ebkundje t\u00eb lehta n\u00eb Kor\u00e7\u00eb.<\/p>\n","protected":false,"gt_translate_keys":[{"key":"rendered","format":"html"}]},"author":32,"featured_media":249799,"comment_status":"open","ping_status":"open","sticky":false,"template":"","format":"standard","meta":{"footnotes":""},"categories":[65,13],"tags":[],"class_list":["post-330709","post","type-post","status-publish","format-standard","has-post-thumbnail","hentry","category-lajme","category-te-fundit"],"gt_translate_keys":[{"key":"link","format":"url"}],"_links":{"self":[{"href":"https:\/\/www.hashtag.al\/index.php\/wp-json\/wp\/v2\/posts\/330709","targetHints":{"allow":["GET"]}}],"collection":[{"href":"https:\/\/www.hashtag.al\/index.php\/wp-json\/wp\/v2\/posts"}],"about":[{"href":"https:\/\/www.hashtag.al\/index.php\/wp-json\/wp\/v2\/types\/post"}],"author":[{"embeddable":true,"href":"https:\/\/www.hashtag.al\/index.php\/wp-json\/wp\/v2\/users\/32"}],"replies":[{"embeddable":true,"href":"https:\/\/www.hashtag.al\/index.php\/wp-json\/wp\/v2\/comments?post=330709"}],"version-history":[{"count":0,"href":"https:\/\/www.hashtag.al\/index.php\/wp-json\/wp\/v2\/posts\/330709\/revisions"}],"wp:featuredmedia":[{"embeddable":true,"href":"https:\/\/www.hashtag.al\/index.php\/wp-json\/wp\/v2\/media\/249799"}],"wp:attachment":[{"href":"https:\/\/www.hashtag.al\/index.php\/wp-json\/wp\/v2\/media?parent=330709"}],"wp:term":[{"taxonomy":"category","embeddable":true,"href":"https:\/\/www.hashtag.al\/index.php\/wp-json\/wp\/v2\/categories?post=330709"},{"taxonomy":"post_tag","embeddable":true,"href":"https:\/\/www.hashtag.al\/index.php\/wp-json\/wp\/v2\/tags?post=330709"}],"curies":[{"name":"wp","href":"https:\/\/api.w.org\/{rel}","templated":true}]}}