{"id":330588,"date":"2019-10-29T12:22:00","date_gmt":"2019-10-29T11:22:00","guid":{"rendered":"https:\/\/hashtag.al\/?p=330588"},"modified":"2019-10-29T12:35:06","modified_gmt":"2019-10-29T11:35:06","slug":"zoran-zaev-marreveshja-e-prespes-smund-te-implementohet-e-plote-per-shkak-te-refuzimit-nga-be-ja","status":"publish","type":"post","link":"https:\/\/www.hashtag.al\/index.php\/2019\/10\/29\/zoran-zaev-marreveshja-e-prespes-smund-te-implementohet-e-plote-per-shkak-te-refuzimit-nga-be-ja\/","title":{"rendered":"Zoran Zaev: Marr\u00ebveshja e Presp\u00ebs do ngrij\u00eb prej refuzimit nga BE-ja","gt_translate_keys":[{"key":"rendered","format":"text"}]},"content":{"rendered":"<p><a href=\"https:\/\/hashtag.al\/wp-content\/uploads\/2019\/10\/Intervista-e-Zaev.jpg\"><img loading=\"lazy\" decoding=\"async\" class=\"aligncenter size-full wp-image-330594\" src=\"https:\/\/hashtag.al\/wp-content\/uploads\/2019\/10\/Intervista-e-Zaev.jpg\" alt=\"\" width=\"825\" height=\"810\" srcset=\"https:\/\/www.hashtag.al\/wp-content\/uploads\/2019\/10\/Intervista-e-Zaev.jpg 825w, https:\/\/www.hashtag.al\/wp-content\/uploads\/2019\/10\/Intervista-e-Zaev-300x295.jpg 300w, https:\/\/www.hashtag.al\/wp-content\/uploads\/2019\/10\/Intervista-e-Zaev-768x754.jpg 768w\" sizes=\"auto, (max-width: 825px) 100vw, 825px\" \/><\/a><\/p>\n<p><span style=\"color: #000000;\">Refuzimi i BE-s\u00eb p\u00ebr t\u00eb caktuar nj\u00eb dat\u00eb p\u00ebr fillimin e negociatave me Maqedonin\u00eb e Veriut, sipas Zoran Zaev mund t\u00eb rrezikoj\u00eb Marr\u00ebveshjen e Presp\u00ebs. <\/span><span style=\"color: #000000;\">K\u00ebt\u00eb deklarat\u00eb, kryeministri i Maqedonis\u00eb s\u00eb Veriut e b\u00ebri n\u00eb nj\u00eb intervist\u00eb p\u00ebr <span style=\"color: #0000ff;\"><a style=\"color: #0000ff;\" href=\"https:\/\/gr.euronews.com\/2019\/10\/28\/zaev-plenkovic-euronews-symfonia-ton-prespon\">euronews.gr.<\/a><\/span><\/span><\/p>\n<p><span style=\"color: #000000;\">Zaev tha se artikuj specifik\u00eb t\u00eb Marr\u00ebveshjes s\u00eb Presp\u00ebs jan\u00eb t\u00eb lidhura me hapjen e fondeve p\u00ebr negociatat e pranimit t\u00eb vendit t\u00eb tij. Si\u00e7 tha ai, sigurisht q\u00eb Maqedonia Veriore nuk pret pranimin e menj\u00ebhersh\u00ebm n\u00eb institucionet europiane, por nj\u00eb &#8220;po&#8221; nga 28 vendet do t\u00eb ishte nxitje p\u00ebr Maqedonin\u00eb Veriore dhe Shqip\u00ebrin\u00eb p\u00ebr t\u00eb vazhduar n\u00eb rrug\u00ebn e duhur. Zaev tha se pala greke ishte dakord me k\u00ebt\u00eb pjes\u00eb p\u00ebr hapjen e negociatave dhe p\u00ebrgjigja negative sipas tij ka ngrir\u00eb nj\u00eb pjes\u00eb t\u00eb Marr\u00ebveshjes.<\/span><\/p>\n<p><span style=\"color: #000000;\"><em>&#8221; Ekziston nj\u00eb lidhje, sepse miqt\u00eb tan\u00eb grek\u00eb kan\u00eb pranuar q\u00eb ne mund ta b\u00ebjm\u00eb at\u00eb p\u00ebr shkak t\u00eb s\u00eb ardhmes q\u00eb Maqedonia Veriore ka me Bashkimin Evropian. P\u00ebrkund\u00ebr k\u00ebsaj, Marr\u00ebveshja e Presp\u00ebs nuk \u00ebsht\u00eb e realizueshme. Nj\u00eb pjes\u00eb e saj do t\u00eb ngrij\u00eb sepse nuk mund t\u00eb implementohet. Ne do t\u00eb p\u00ebrpiqemi t\u00eb implementojm\u00eb disa dispozita, por t\u00eb dyja jan\u00eb t\u00eb nd\u00ebrlidhura sepse procesi i shk\u00ebmbimit t\u00eb fondeve do t\u00eb thot\u00eb q\u00eb ne do t&#8217;i dor\u00ebzojm\u00eb sovranitetin ton\u00eb komb\u00ebtar Bashkimit Evropian &#8220;<\/em>, tha Zaev.<\/span><\/p>\n<p><iframe loading=\"lazy\" title=\"\u0396\u03ac\u03b5\u03c6 \u03c3\u03c4\u03bf euronews: \u03a4\u03bf \u00ab\u03cc\u03c7\u03b9\u00bb \u03c3\u03c4\u03b9\u03c2 \u03b5\u03bd\u03c4\u03b1\u03be\u03b9\u03b1\u03ba\u03ad\u03c2 \u03b4\u03b9\u03b1\u03c0\u03c1\u03b1\u03b3\u03bc\u03b1\u03c4\u03b5\u03cd\u03c3\u03b5\u03b9\u03c2 \u03b5\u03c0\u03b7\u03c1\u03b5\u03ac\u03b6\u03b5\u03b9 \u03c4\u03b7 \u03a3\u03c5\u03bc\u03c6\u03c9\u03bd\u03af\u03b1 \u03c4\u03c9\u03bd \u03a0\u03c1\u03b5\u03c3\u03c0\u03ce\u03bd\u2026\" width=\"1170\" height=\"658\" src=\"https:\/\/www.youtube.com\/embed\/ah3JjR5m0dw?feature=oembed\" frameborder=\"0\" allow=\"accelerometer; autoplay; clipboard-write; encrypted-media; gyroscope; picture-in-picture\" allowfullscreen><\/iframe><\/p>\n<p><span style=\"color: #000000;\">Zaev theksoi se perspektiva evropiane \u00ebsht\u00eb e vetmja mund\u00ebsi p\u00ebr vendin e tij dhe n\u00eb p\u00ebrgjith\u00ebsi p\u00ebr Ballkanin Per\u00ebndimor, sepse n\u00eb t\u00eb kund\u00ebrt\u00ebn sipas tij zhvillimet e m\u00ebtejshme do t\u00eb ishin t\u00eb pak\u00ebndshme p\u00ebr rajonin. Ai tha:<em> &#8220;Nuk ka asnj\u00eb alternativ\u00eb p\u00ebr ne dhe ne e dim\u00eb mir\u00eb.&#8221;<\/em><\/span><\/p>\n<p><span style=\"color: #000000;\">\u00a0Zaev paralajm\u00ebroi se \u201c<em>n\u00ebse fiken dritat e yjeve n\u00eb flamurin e BE-s\u00eb, at\u00ebher\u00eb n\u00eb Ballkan do t\u00eb sundoj\u00eb err\u00ebsira<\/em>\u201d<strong>.\/Hashtag.al<\/strong><\/span><\/p>\n","protected":false,"gt_translate_keys":[{"key":"rendered","format":"html"}]},"excerpt":{"rendered":"<p>Refuzimi i BE-s\u00eb p\u00ebr t\u00eb caktuar nj\u00eb dat\u00eb p\u00ebr fillimin e negociatave me Maqedonin\u00eb e Veriut, sipas Zoran Zaev mund t\u00eb rrezikoj\u00eb Marr\u00ebveshjen e Presp\u00ebs. K\u00ebt\u00eb deklarat\u00eb, kryeministri i Maqedonis\u00eb s\u00eb Veriut e b\u00ebri n\u00eb nj\u00eb intervist\u00eb p\u00ebr euronews.gr. Zaev tha se artikuj specifik\u00eb t\u00eb Marr\u00ebveshjes s\u00eb Presp\u00ebs jan\u00eb t\u00eb lidhura me hapjen e fondeve [&hellip;]<\/p>\n","protected":false,"gt_translate_keys":[{"key":"rendered","format":"html"}]},"author":30,"featured_media":330601,"comment_status":"open","ping_status":"open","sticky":false,"template":"","format":"standard","meta":{"footnotes":""},"categories":[22,149,13],"tags":[],"class_list":["post-330588","post","type-post","status-publish","format-standard","has-post-thumbnail","hentry","category-ballina","category-kosoverajon","category-te-fundit"],"gt_translate_keys":[{"key":"link","format":"url"}],"_links":{"self":[{"href":"https:\/\/www.hashtag.al\/index.php\/wp-json\/wp\/v2\/posts\/330588","targetHints":{"allow":["GET"]}}],"collection":[{"href":"https:\/\/www.hashtag.al\/index.php\/wp-json\/wp\/v2\/posts"}],"about":[{"href":"https:\/\/www.hashtag.al\/index.php\/wp-json\/wp\/v2\/types\/post"}],"author":[{"embeddable":true,"href":"https:\/\/www.hashtag.al\/index.php\/wp-json\/wp\/v2\/users\/30"}],"replies":[{"embeddable":true,"href":"https:\/\/www.hashtag.al\/index.php\/wp-json\/wp\/v2\/comments?post=330588"}],"version-history":[{"count":0,"href":"https:\/\/www.hashtag.al\/index.php\/wp-json\/wp\/v2\/posts\/330588\/revisions"}],"wp:featuredmedia":[{"embeddable":true,"href":"https:\/\/www.hashtag.al\/index.php\/wp-json\/wp\/v2\/media\/330601"}],"wp:attachment":[{"href":"https:\/\/www.hashtag.al\/index.php\/wp-json\/wp\/v2\/media?parent=330588"}],"wp:term":[{"taxonomy":"category","embeddable":true,"href":"https:\/\/www.hashtag.al\/index.php\/wp-json\/wp\/v2\/categories?post=330588"},{"taxonomy":"post_tag","embeddable":true,"href":"https:\/\/www.hashtag.al\/index.php\/wp-json\/wp\/v2\/tags?post=330588"}],"curies":[{"name":"wp","href":"https:\/\/api.w.org\/{rel}","templated":true}]}}